
{"id":416,"date":"2008-01-29T08:00:13","date_gmt":"2008-01-29T07:00:13","guid":{"rendered":"http:\/\/adamczewski.blog.polityka.pl\/?p=416"},"modified":"2008-01-29T08:00:13","modified_gmt":"2008-01-29T07:00:13","slug":"krolewski-miesiac-miodowy-w-trudnych-latach-moze-byc-i-postny","status":"publish","type":"post","link":"https:\/\/blog.polityka.pl\/adamczewski\/2008\/01\/29\/krolewski-miesiac-miodowy-w-trudnych-latach-moze-byc-i-postny\/","title":{"rendered":"Kr\u00f3lewski miesi\u0105c miodowy w trudnych latach mo\u017ce by\u0107 i postny"},"content":{"rendered":"<p>Przed laty wizyta kr\u00f3lewskiej pary brytyjskiej w Polsce spowodowa\u0142a lawin\u0119 publikacji na temat angielskiego dworu.<\/p>\n<p>Wszystkie tygodniki i dzienniki opisywa\u0142y histori\u0119 rodziny El\u017cbiety II. Niekt\u00f3re wytropi\u0142y nawet polskie krople w b\u0142\u0119kitnej brytyjskiej krwi. Z wielkim jednak trudem uda\u0142o si\u0119 znale\u017a\u0107 informacje co jada si\u0119 w Pa\u0142acu Buckingham.<\/p>\n<p>R\u00f3wnie ma\u0142o wiedziano i miesi\u0105cu miodowym brytyjskiej pary, kt\u00f3ry przecie\u017c wypad\u0142 w czasie dla Wielkiej Brytanii jak i dla reszty Europy trudnym. Dopiero po wielu latach Nicholas Davies w\u00a0 ksi\u0105\u017cce napisanej &#8211; jak twierdzi &#8211; bez wiedzy i pomocy dworu podaje troch\u0119 informacji na ten temat: &#8221; Nowo\u017ce\u0144cy spacerowali i je\u017adzili konno albo przesiadywali przed ogromnym kominkiem w salonie. El\u017cbieta mia\u0142a przy sobie ulubion\u0105 suczk\u0119 corgi imieniem Susan. \u017bywno\u015b\u0107 w Wielkiej Brytanii wci\u0105\u017c podlega\u0142a wprowadzonemu podczas wojny racjonowaniu, jednak ksi\u0119\u017cniczce i ksi\u0119ciu nie brakowa\u0142o niczego: delektowali si\u0119 ba\u017cantami, jagni\u0119cin\u0105, wo\u0142owin\u0105, ciel\u0119cin\u0105, s\u0142odkowodnymi rybami z rzeki Test oraz znakomitymi francuskimi winami.<\/p>\n<p>Przed wieczornym posi\u0142kiem, kt\u00f3ry z inicjatywy El\u017cbiety codziennie spo\u017cywali przy \u015bwiecach, pili szampana.<\/p>\n<p>Miesi\u0105c miodowy w Broadlands by\u0142 jedynym w zasadzie okresem w ca\u0142ym \u017cyciu ma\u0142\u017ce\u0144skim El\u017cbiety i Filipa, w kt\u00f3rym dzielili wsp\u00f3ln\u0105 sypialni\u0119.&#8221; Nie b\u0119dziemy przecie\u017c zagl\u0105da\u0107 kr\u00f3lewskim ma\u0142\u017conkom pod ko\u0142dr\u0119. Wystarczy, \u017ce poczytali\u015bmy o ich stole. Je\u015bli tak jadaj\u0105 oni w latach ci\u0119\u017ckich wyrzecze\u0144 to tym ch\u0119tniej by\u015bmy zapewne na\u015bladowali ich menu w erze obfito\u015bci. Mimo, \u017ce kuchnia angielska (oj nara\u017cam si\u0119 bardzo Helenie z Londynu) nie jest nasz\u0105 ulubion\u0105. Dlatego te\u017c propozycja moja w na\u015bladowaniu kucharza El\u017cbiety II ogranicza si\u0119 do wyboru tych samych produkt\u00f3w (patrz wy\u017cej) lecz u\u017cycie ich w ju\u017c nasz w\u0142asny i oryginalny spos\u00f3b.<\/p>\n<p>I teraz ju\u017c wszystko w Waszych r\u0119kach!<\/p>\n","protected":false},"excerpt":{"rendered":"<p>Przed laty wizyta kr\u00f3lewskiej pary brytyjskiej w Polsce spowodowa\u0142a lawin\u0119 publikacji na temat angielskiego dworu. Wszystkie tygodniki i dzienniki opisywa\u0142y histori\u0119 rodziny El\u017cbiety II. Niekt\u00f3re wytropi\u0142y nawet polskie krople w b\u0142\u0119kitnej brytyjskiej krwi. Z wielkim jednak trudem uda\u0142o si\u0119 znale\u017a\u0107 informacje co jada si\u0119 w Pa\u0142acu Buckingham. R\u00f3wnie ma\u0142o wiedziano i miesi\u0105cu miodowym brytyjskiej pary, [&hellip;]<\/p>\n","protected":false},"author":2,"featured_media":0,"comment_status":"open","ping_status":"open","sticky":false,"template":"","format":"standard","meta":{"footnotes":""},"categories":[1],"tags":[],"_links":{"self":[{"href":"https:\/\/blog.polityka.pl\/adamczewski\/wp-json\/wp\/v2\/posts\/416"}],"collection":[{"href":"https:\/\/blog.polityka.pl\/adamczewski\/wp-json\/wp\/v2\/posts"}],"about":[{"href":"https:\/\/blog.polityka.pl\/adamczewski\/wp-json\/wp\/v2\/types\/post"}],"author":[{"embeddable":true,"href":"https:\/\/blog.polityka.pl\/adamczewski\/wp-json\/wp\/v2\/users\/2"}],"replies":[{"embeddable":true,"href":"https:\/\/blog.polityka.pl\/adamczewski\/wp-json\/wp\/v2\/comments?post=416"}],"version-history":[{"count":0,"href":"https:\/\/blog.polityka.pl\/adamczewski\/wp-json\/wp\/v2\/posts\/416\/revisions"}],"wp:attachment":[{"href":"https:\/\/blog.polityka.pl\/adamczewski\/wp-json\/wp\/v2\/media?parent=416"}],"wp:term":[{"taxonomy":"category","embeddable":true,"href":"https:\/\/blog.polityka.pl\/adamczewski\/wp-json\/wp\/v2\/categories?post=416"},{"taxonomy":"post_tag","embeddable":true,"href":"https:\/\/blog.polityka.pl\/adamczewski\/wp-json\/wp\/v2\/tags?post=416"}],"curies":[{"name":"wp","href":"https:\/\/api.w.org\/{rel}","templated":true}]}}