
{"id":4160,"date":"2012-03-21T08:00:18","date_gmt":"2012-03-21T07:00:18","guid":{"rendered":"http:\/\/adamczewski.blog.polityka.pl\/?p=4160"},"modified":"2012-03-21T08:11:39","modified_gmt":"2012-03-21T07:11:39","slug":"zgadnij-co-gotujemy-114","status":"publish","type":"post","link":"https:\/\/blog.polityka.pl\/adamczewski\/2012\/03\/21\/zgadnij-co-gotujemy-114\/","title":{"rendered":"Zgadnij co gotujemy"},"content":{"rendered":"<p><a href=\"\/wp-content\/uploads\/2012\/03\/Kuchnia-duchow-blog1.jpg\"><img loading=\"lazy\" decoding=\"async\" class=\"aligncenter size-medium wp-image-4161\" title=\"Kuchnia-duchow-blog\" src=\"\/wp-content\/uploads\/2012\/03\/Kuchnia-duchow-blog1-187x300.jpg\" alt=\"\" width=\"187\" height=\"300\" \/><\/a><\/p>\n<p>Dzi\u015b do wygrania zn\u00f3w ksi\u0105\u017cka. Jej tytu\u0142 do\u015b\u0107 zaskakuj\u0105cy cho\u0107 usprawiedliwiaj\u0105cy wystawienie w kulinarnym blogu: &#8222;Kuchnia duch\u00f3w&#8221;. Autorstwa Jael McHenry a w t\u0142umaczeniu Ewy Pankiewicz. Ksi\u0105\u017ck\u0119 wyda\u0142 Bukowy Las.<br \/>\nWprawdzie boj\u0119 si\u0119 duch\u00f3w, zw\u0142aszcza w literaturze, ale t\u0142o kulinarne\u00a0&#8211; w tym do\u015b\u0107 sympatyczne przepisy\u00a0&#8211; spowodowa\u0142o, \u017ce dzie\u0142ko przeczyta\u0142em. Nie \u017ca\u0142uj\u0119, bo dowiedzia\u0142em si\u0119 wiele o ludziach n\u0119kanych przez tzw. zesp\u00f3\u0142 Aspergera. Wraz z wiekiem za\u015b staj\u0119 si\u0119 coraz bardziej sentymentalny ale r\u00f3wnocze\u015bnie coraz bardziej staram si\u0119 wczuwa\u0107 w prze\u017cycia innych ludzi. I pr\u00f3buj\u0119 ich zrozumie\u0107. W tym i\u00a0blogowych komentator\u00f3w.<br \/>\n\u00a0A teraz pytania:<\/p>\n<p>1.Co to jest cibilis (wymienia go w swoich przepisach Lucyna \u0106wierczakiewiczowa)?<\/p>\n<p>2.Co si\u0119 kryje pod nazw\u0105 marenga?<\/p>\n<p>3.Do czego s\u0142u\u017cy\u0142 pota\u017c?<\/p>\n<p>Teraz prosz\u0119 o szybkie wys\u0142anie odpowiedzi na znany adres czyli <a href=\"mailto:internet@polityka.com.pl\">internet@polityka.com.pl<\/a>\u00a0 i ksi\u0105\u017cka\u00a0 zostanie wyekspediowana pod wskazany adres.<\/p>\n<p>PS.<\/p>\n<p>Na stronie g\u0142\u00f3wnej internetowej &#8222;Polityki&#8221; og\u0142osili\u015bmy plebiscyt na najlepsze polskie danie oferowane kibicom z Europy, ktorzy przyjad\u0105 na pi\u0142karskie mistrzostwa do naszego kraju. Niekt\u00f3rzy uczestnicy blogu ju\u017c t\u0119 zabaw\u0119 zauwa\u017cyli i nawet g\u0142osowali. Zapraszam na stron\u0119 <a href=\"http:\/\/www.polityka.pl\">www.polityka.pl<\/a> wszystkich pozosta\u0142ych. Opr\u00f3cz da\u0144, kt\u00f3re tam przedstawiam mo\u017cna zg\u0142asza\u0107 i swoje propozycje. Jestem ciekaw, kt\u00f3ra potrawa zwyci\u0119\u017cy.<\/p>\n","protected":false},"excerpt":{"rendered":"<p>Dzi\u015b do wygrania zn\u00f3w ksi\u0105\u017cka. Jej tytu\u0142 do\u015b\u0107 zaskakuj\u0105cy cho\u0107 usprawiedliwiaj\u0105cy wystawienie w kulinarnym blogu: &#8222;Kuchnia duch\u00f3w&#8221;. Autorstwa Jael McHenry a w t\u0142umaczeniu Ewy Pankiewicz. Ksi\u0105\u017ck\u0119 wyda\u0142 Bukowy Las. Wprawdzie boj\u0119 si\u0119 duch\u00f3w, zw\u0142aszcza w literaturze, ale t\u0142o kulinarne\u00a0&#8211; w tym do\u015b\u0107 sympatyczne przepisy\u00a0&#8211; spowodowa\u0142o, \u017ce dzie\u0142ko przeczyta\u0142em. Nie \u017ca\u0142uj\u0119, bo dowiedzia\u0142em si\u0119 wiele o [&hellip;]<\/p>\n","protected":false},"author":2,"featured_media":0,"comment_status":"open","ping_status":"open","sticky":false,"template":"","format":"standard","meta":{"footnotes":""},"categories":[1],"tags":[],"_links":{"self":[{"href":"https:\/\/blog.polityka.pl\/adamczewski\/wp-json\/wp\/v2\/posts\/4160"}],"collection":[{"href":"https:\/\/blog.polityka.pl\/adamczewski\/wp-json\/wp\/v2\/posts"}],"about":[{"href":"https:\/\/blog.polityka.pl\/adamczewski\/wp-json\/wp\/v2\/types\/post"}],"author":[{"embeddable":true,"href":"https:\/\/blog.polityka.pl\/adamczewski\/wp-json\/wp\/v2\/users\/2"}],"replies":[{"embeddable":true,"href":"https:\/\/blog.polityka.pl\/adamczewski\/wp-json\/wp\/v2\/comments?post=4160"}],"version-history":[{"count":4,"href":"https:\/\/blog.polityka.pl\/adamczewski\/wp-json\/wp\/v2\/posts\/4160\/revisions"}],"predecessor-version":[{"id":4163,"href":"https:\/\/blog.polityka.pl\/adamczewski\/wp-json\/wp\/v2\/posts\/4160\/revisions\/4163"}],"wp:attachment":[{"href":"https:\/\/blog.polityka.pl\/adamczewski\/wp-json\/wp\/v2\/media?parent=4160"}],"wp:term":[{"taxonomy":"category","embeddable":true,"href":"https:\/\/blog.polityka.pl\/adamczewski\/wp-json\/wp\/v2\/categories?post=4160"},{"taxonomy":"post_tag","embeddable":true,"href":"https:\/\/blog.polityka.pl\/adamczewski\/wp-json\/wp\/v2\/tags?post=4160"}],"curies":[{"name":"wp","href":"https:\/\/api.w.org\/{rel}","templated":true}]}}