
{"id":417,"date":"2008-01-30T08:00:02","date_gmt":"2008-01-30T07:00:02","guid":{"rendered":"http:\/\/adamczewski.blog.polityka.pl\/?p=417"},"modified":"2008-01-30T08:00:02","modified_gmt":"2008-01-30T07:00:02","slug":"zgadnij-co-gotujemy-75","status":"publish","type":"post","link":"https:\/\/blog.polityka.pl\/adamczewski\/2008\/01\/30\/zgadnij-co-gotujemy-75\/","title":{"rendered":"Zgadnij co gotujemy? (75)"},"content":{"rendered":"<p>Dobre kolacje cz\u0119sto ko\u0144cz\u0105 si\u0119 podaniem deski ser\u00f3w. Mo\u017cna kupi\u0107 w polskich sklepach sery niemal ze wszystkich kraj\u00f3w Europy. Je\u015bli zwa\u017cy si\u0119, \u017ce w samej tylko Francji produkowane jest ponad 500 gatunk\u00f3w sera i doliczy\u0107 do tego jeszcze przysmaki serowarskie z innych kraj\u00f3w to ile jeszcze\u00a0 quiz\u00f3w mo\u017ce by\u0107 na ten temat &#8211; ho, ho. Oto dzisiejsze pytania:<\/p>\n<p>1. Najstarszy francuski ser &#8211; dzie\u0142o zakonnik\u00f3w &#8211; wyprodukowano w 962 roku i nazywa si\u0119 on&#8230;?<br \/>\n2. W jakim kraju produkuj\u0105 przysmak pod nazw\u0105 Parrano Robusto?<br \/>\n3. Nawet Anglicy potrafi\u0105 wyprodukowa\u0107 dobry ser, ich pyszny ple\u015bniowiec nazywa si\u0119?<\/p>\n<p>Odpowiedzi prosz\u0119 przysy\u0142a\u0107 na adres internet@polityka.com.pl<\/p>\n<p>Jak zwykle kto pierwszy ten lepszy. Trzy prawid\u0142owe odpowiedzi umo\u017cliwi\u0105 wys\u0142anie nagrody. A dzi\u015b nagroda to ksi\u0105\u017cka Barbary Adamczewskiej z cyklu Encyklopedia Gotowania opublikowana w wydawnictwie Pr\u00f3szy\u0144ski i S-ka pod tytu\u0142em &#8222;Drugie dania&#8221;. Oczywi\u015bcie z autografem autorki i moj\u0105 dedykacj\u0105. Czekam wi\u0119c!<\/p>\n","protected":false},"excerpt":{"rendered":"<p>Dobre kolacje cz\u0119sto ko\u0144cz\u0105 si\u0119 podaniem deski ser\u00f3w. Mo\u017cna kupi\u0107 w polskich sklepach sery niemal ze wszystkich kraj\u00f3w Europy. Je\u015bli zwa\u017cy si\u0119, \u017ce w samej tylko Francji produkowane jest ponad 500 gatunk\u00f3w sera i doliczy\u0107 do tego jeszcze przysmaki serowarskie z innych kraj\u00f3w to ile jeszcze\u00a0 quiz\u00f3w mo\u017ce by\u0107 na ten temat &#8211; ho, ho. [&hellip;]<\/p>\n","protected":false},"author":2,"featured_media":0,"comment_status":"open","ping_status":"open","sticky":false,"template":"","format":"standard","meta":{"footnotes":""},"categories":[1],"tags":[],"_links":{"self":[{"href":"https:\/\/blog.polityka.pl\/adamczewski\/wp-json\/wp\/v2\/posts\/417"}],"collection":[{"href":"https:\/\/blog.polityka.pl\/adamczewski\/wp-json\/wp\/v2\/posts"}],"about":[{"href":"https:\/\/blog.polityka.pl\/adamczewski\/wp-json\/wp\/v2\/types\/post"}],"author":[{"embeddable":true,"href":"https:\/\/blog.polityka.pl\/adamczewski\/wp-json\/wp\/v2\/users\/2"}],"replies":[{"embeddable":true,"href":"https:\/\/blog.polityka.pl\/adamczewski\/wp-json\/wp\/v2\/comments?post=417"}],"version-history":[{"count":0,"href":"https:\/\/blog.polityka.pl\/adamczewski\/wp-json\/wp\/v2\/posts\/417\/revisions"}],"wp:attachment":[{"href":"https:\/\/blog.polityka.pl\/adamczewski\/wp-json\/wp\/v2\/media?parent=417"}],"wp:term":[{"taxonomy":"category","embeddable":true,"href":"https:\/\/blog.polityka.pl\/adamczewski\/wp-json\/wp\/v2\/categories?post=417"},{"taxonomy":"post_tag","embeddable":true,"href":"https:\/\/blog.polityka.pl\/adamczewski\/wp-json\/wp\/v2\/tags?post=417"}],"curies":[{"name":"wp","href":"https:\/\/api.w.org\/{rel}","templated":true}]}}