
{"id":420,"date":"2008-02-06T08:00:25","date_gmt":"2008-02-06T07:00:25","guid":{"rendered":"http:\/\/adamczewski.blog.polityka.pl\/?p=420"},"modified":"2008-02-03T08:38:40","modified_gmt":"2008-02-03T07:38:40","slug":"zgadnij-co-gotujemy-76","status":"publish","type":"post","link":"https:\/\/blog.polityka.pl\/adamczewski\/2008\/02\/06\/zgadnij-co-gotujemy-76\/","title":{"rendered":"Zgadnij co gotujemy? (76)"},"content":{"rendered":"<p>Jest wiele wspania\u0142ych da\u0144, kt\u00f3re nosz\u0105 swe nazwy od nazwisk s\u0142ynnych postaci historycznych. Niekt\u00f3re z nich s\u0105 przez nich samych wymy\u015blone jak np. przepyszne turnedo nosz\u0105ce imi\u0119 wielkiego w\u0142oskiego kompozytora Rossiniego. S\u0105 jednak i takie, kt\u00f3re nosz\u0105 wielkie nazwisko by uczci\u0107 jego pierwszego w\u0142a\u015bciciela, kt\u00f3ry sam jednak nigdy nie gotowa\u0142. Na og\u00f3\u0142 tylko jada\u0142 to co mu mistrz kuchni przyrz\u0105dzi\u0142. Ten za\u015b chc\u0105c  b\u0105d\u017a to pochlebi\u0107 patronowi, b\u0105d\u017a uwieczni\u0107 nazwisko nazywa\u0142 swoj\u0105 kompozycj\u0119 smakow\u0105 jego imieniem. Czasem okazywa\u0142o si\u0119, \u017ce owo nazwisko przetrwa\u0142o i znane jest dzi\u015b tylko dzi\u0119ki potrawie. I tym w\u0142a\u015bnie tematem dzi\u015b si\u0119 zajmiemy,  Oto pytania:<\/p>\n<p>1. Kt\u00f3ry sos nosi nazwisko zapomnianego  francuskiego markiza wynalazcy tego podstawowego dzi\u015b produktu?<br \/>\n2. Pewien angielski admira\u0142 firmuje swym nazwiskiem fantastyczne zrazy &#8211; a jakie&#8230;?<br \/>\n3. Poeta, dyplomata, wi\u0119zie\u0144 Bastylii a dzi\u015b g\u0142\u00f3wnie znany z lektury menu w \u015bwiatowych restauracjach &#8211; kt\u00f3\u017c to?<\/p>\n<p>Odpowiedzi prosz\u0119 przysy\u0142a\u0107 na adres internet@polityka.com.pl<\/p>\n<p>Jak zwykle kto pierwszy ten lepszy. Trzy prawid\u0142owe odpowiedzi umo\u017cliwi\u0105 wys\u0142anie nagrody. A dzi\u015b nagroda to moja ksi\u0105\u017cka &#8222;Rok na stole&#8221; wydana oczywi\u015bcie przez wydawnictwo Nowy \u015awiat. Z autografem i dedykacj\u0105. Czekam wi\u0119c!<\/p>\n","protected":false},"excerpt":{"rendered":"<p>Jest wiele wspania\u0142ych da\u0144, kt\u00f3re nosz\u0105 swe nazwy od nazwisk s\u0142ynnych postaci historycznych. Niekt\u00f3re z nich s\u0105 przez nich samych wymy\u015blone jak np. przepyszne turnedo nosz\u0105ce imi\u0119 wielkiego w\u0142oskiego kompozytora Rossiniego. S\u0105 jednak i takie, kt\u00f3re nosz\u0105 wielkie nazwisko by uczci\u0107 jego pierwszego w\u0142a\u015bciciela, kt\u00f3ry sam jednak nigdy nie gotowa\u0142. Na og\u00f3\u0142 tylko jada\u0142 to [&hellip;]<\/p>\n","protected":false},"author":2,"featured_media":0,"comment_status":"open","ping_status":"open","sticky":false,"template":"","format":"standard","meta":{"footnotes":""},"categories":[1],"tags":[],"_links":{"self":[{"href":"https:\/\/blog.polityka.pl\/adamczewski\/wp-json\/wp\/v2\/posts\/420"}],"collection":[{"href":"https:\/\/blog.polityka.pl\/adamczewski\/wp-json\/wp\/v2\/posts"}],"about":[{"href":"https:\/\/blog.polityka.pl\/adamczewski\/wp-json\/wp\/v2\/types\/post"}],"author":[{"embeddable":true,"href":"https:\/\/blog.polityka.pl\/adamczewski\/wp-json\/wp\/v2\/users\/2"}],"replies":[{"embeddable":true,"href":"https:\/\/blog.polityka.pl\/adamczewski\/wp-json\/wp\/v2\/comments?post=420"}],"version-history":[{"count":0,"href":"https:\/\/blog.polityka.pl\/adamczewski\/wp-json\/wp\/v2\/posts\/420\/revisions"}],"wp:attachment":[{"href":"https:\/\/blog.polityka.pl\/adamczewski\/wp-json\/wp\/v2\/media?parent=420"}],"wp:term":[{"taxonomy":"category","embeddable":true,"href":"https:\/\/blog.polityka.pl\/adamczewski\/wp-json\/wp\/v2\/categories?post=420"},{"taxonomy":"post_tag","embeddable":true,"href":"https:\/\/blog.polityka.pl\/adamczewski\/wp-json\/wp\/v2\/tags?post=420"}],"curies":[{"name":"wp","href":"https:\/\/api.w.org\/{rel}","templated":true}]}}