
{"id":4233,"date":"2012-03-28T07:59:40","date_gmt":"2012-03-28T05:59:40","guid":{"rendered":"http:\/\/adamczewski.blog.polityka.pl\/?p=4233"},"modified":"2012-03-26T10:44:18","modified_gmt":"2012-03-26T08:44:18","slug":"zgadnij-co-gotujemy-115","status":"publish","type":"post","link":"https:\/\/blog.polityka.pl\/adamczewski\/2012\/03\/28\/zgadnij-co-gotujemy-115\/","title":{"rendered":"Zgadnij co gotujemy"},"content":{"rendered":"<p><a href=\"\/wp-content\/uploads\/2012\/03\/Sowablog.jpg\"><img loading=\"lazy\" decoding=\"async\" class=\"alignleft size-medium wp-image-4237\" title=\"Sowablog\" src=\"\/wp-content\/uploads\/2012\/03\/Sowablog-247x300.jpg\" alt=\"\" width=\"247\" height=\"300\" \/><\/a>\u00a0Dzi\u015b do wygrania kolejna ksi\u0105\u017cka. &#8222;Nowoczesna kuchnia z regionalnymi akcentami&#8221; to dzie\u0142o s\u0142ynnego mistrza kuchni Roberta Sowy. Ksi\u0105\u017cka raz ju\u017c by\u0142a nagrod\u0105 w naszym quizie. Dzisiejszy egzemplarz ma dodatkow\u0105 warto\u015b\u0107\u00a0&#8211; autograf autora. A ja te ksi\u0105\u017ck\u0119 rekomenduj\u0119 nie tylko dlatego, \u017ce bardzo lubi\u0119 Roberta i uwa\u017cam go za jednego z najwybitniejszych szef\u00f3w kuchni ale tak\u017ce dlatego, \u017ce zrobi\u0142em wg. jego przepis\u00f3w sporo da\u0144 i wszystkie by\u0142y niezwykle udane. S\u0105 one bowiem proste, z dost\u0119pnych sk\u0142adnik\u00f3w i nie wymagaj\u0105 nadzwyczajnych umiej\u0119tno\u015bci. Zawsze za\u015b smakuj\u0105 wszystkim, kt\u00f3rzy znajduj\u0105 je na swoich talerzach. Dla udowodnienia tej opinii przytocz\u0119 przepis, kt\u00f3ry robi\u0142em ostatnio:<br \/>\n<strong>Kaszanka wiejska z szar\u0105 renet\u0105, cynamonem i s\u0142odk\u0105 cebul\u0105<br \/>\n<\/strong><em>4 p\u0119tka krupnioku z kaszy j\u0119czmiennej z podrobami, 3 \u0142y\u017cki oleju rzepakowego,2\u00a0 pokrojone w pi\u00f3rka s\u0142odkie cebule, 2 szare renety, sok z 1\/2 cytryny, s\u00f3l, grubo mielony pieprz, cynamon, 4 kromki \u017cytniego chleba, \u015bmietankowe mas\u0142o do smarowania<br \/>\n<\/em>1.Jab\u0142ka obra\u0107, pokroi\u0107 na cz\u0105stki i skropi\u0107 sokiem z cytryny.<br \/>\n2.Na rozgrzanym oleju obsma\u017cy\u0107 kaszank\u0119 z ka\u017cdej strony i odstawi\u0107 w ciep\u0142e miejsce.<br \/>\n3.Na tej samej patelni zeszkli\u0107 cebul\u0119, doda\u0107 jab\u0142ka i przyprawy, kr\u00f3tko podsma\u017cy\u0107, aby jab\u0142ka zachowa\u0142y sw\u00f3j kszta\u0142t.<br \/>\n4.Kaszank\u0119 podawa\u0107 na winnych jab\u0142kach z cebul\u0105 i cynamonem oraz z \u017cytnim chlebem, obficie posmarowanym mas\u0142em.<br \/>\n\u015awietnym dodatkiem b\u0119dzie r\u00f3wnie\u017c tarty, puszysty chrzan i og\u00f3rki ma\u0142osolne.<\/p>\n<p>\u00a0A teraz pytania:<\/p>\n<p>1. Najs\u0142ynniejsza zupa Podhala to&#8230; ?<\/p>\n<p>2. Co to jest ferkase i sk\u0105d pochodzi ?<\/p>\n<p>3.Co to\u00a0takiego buchta i gdzie najcz\u0119\u015bciej mo\u017cna j\u0105 spotka\u0107?<\/p>\n<p>Teraz prosz\u0119 o szybkie wys\u0142anie odpowiedzi na znany adres czyli <a href=\"mailto:internet@polityka.com.pl\">internet@polityka.com.pl<\/a>\u00a0 i ksi\u0105\u017cka\u00a0 zostanie wyekspediowana pod wskazany adres.<\/p>\n","protected":false},"excerpt":{"rendered":"<p>\u00a0Dzi\u015b do wygrania kolejna ksi\u0105\u017cka. &#8222;Nowoczesna kuchnia z regionalnymi akcentami&#8221; to dzie\u0142o s\u0142ynnego mistrza kuchni Roberta Sowy. Ksi\u0105\u017cka raz ju\u017c by\u0142a nagrod\u0105 w naszym quizie. Dzisiejszy egzemplarz ma dodatkow\u0105 warto\u015b\u0107\u00a0&#8211; autograf autora. A ja te ksi\u0105\u017ck\u0119 rekomenduj\u0119 nie tylko dlatego, \u017ce bardzo lubi\u0119 Roberta i uwa\u017cam go za jednego z najwybitniejszych szef\u00f3w kuchni ale tak\u017ce [&hellip;]<\/p>\n","protected":false},"author":2,"featured_media":0,"comment_status":"open","ping_status":"open","sticky":false,"template":"","format":"standard","meta":{"footnotes":""},"categories":[1],"tags":[],"_links":{"self":[{"href":"https:\/\/blog.polityka.pl\/adamczewski\/wp-json\/wp\/v2\/posts\/4233"}],"collection":[{"href":"https:\/\/blog.polityka.pl\/adamczewski\/wp-json\/wp\/v2\/posts"}],"about":[{"href":"https:\/\/blog.polityka.pl\/adamczewski\/wp-json\/wp\/v2\/types\/post"}],"author":[{"embeddable":true,"href":"https:\/\/blog.polityka.pl\/adamczewski\/wp-json\/wp\/v2\/users\/2"}],"replies":[{"embeddable":true,"href":"https:\/\/blog.polityka.pl\/adamczewski\/wp-json\/wp\/v2\/comments?post=4233"}],"version-history":[{"count":5,"href":"https:\/\/blog.polityka.pl\/adamczewski\/wp-json\/wp\/v2\/posts\/4233\/revisions"}],"predecessor-version":[{"id":4288,"href":"https:\/\/blog.polityka.pl\/adamczewski\/wp-json\/wp\/v2\/posts\/4233\/revisions\/4288"}],"wp:attachment":[{"href":"https:\/\/blog.polityka.pl\/adamczewski\/wp-json\/wp\/v2\/media?parent=4233"}],"wp:term":[{"taxonomy":"category","embeddable":true,"href":"https:\/\/blog.polityka.pl\/adamczewski\/wp-json\/wp\/v2\/categories?post=4233"},{"taxonomy":"post_tag","embeddable":true,"href":"https:\/\/blog.polityka.pl\/adamczewski\/wp-json\/wp\/v2\/tags?post=4233"}],"curies":[{"name":"wp","href":"https:\/\/api.w.org\/{rel}","templated":true}]}}