
{"id":430,"date":"2008-02-18T08:29:42","date_gmt":"2008-02-18T07:29:42","guid":{"rendered":"http:\/\/adamczewski.blog.polityka.pl\/?p=430"},"modified":"2008-02-18T08:29:42","modified_gmt":"2008-02-18T07:29:42","slug":"krotkie-sprawozdanie-a-wlasciwie-tylko-meldunek","status":"publish","type":"post","link":"https:\/\/blog.polityka.pl\/adamczewski\/2008\/02\/18\/krotkie-sprawozdanie-a-wlasciwie-tylko-meldunek\/","title":{"rendered":"Kr\u00f3tkie sprawozdanie a w\u0142a\u015bciwie tylko meldunek"},"content":{"rendered":"<p>Poci\u0105g z Berlina do Warszawy sp\u00f3\u017ani\u0142 si\u0119 zaledwie godzink\u0119. Dotarli\u015bmy do domu tu\u017c przed p\u00f3\u0142noc\u0105, a \u017ce mam do zrobienia na rano rubryk\u0119 &#8222;Polityka i obyczaje&#8221; to sprawozdanie z podr\u00f3\u017cy ze zdj\u0119ciami i opisami kulinarnych rozkoszy (tych przygotowanych przez Arkadiusa i tych zjedzonych w\u00a0 paru fajnych restauracjach r\u00f3\u017cnych narod\u00f3w z wyj\u0105tkiem niemieckiego) b\u0119d\u0119 m\u00f3g\u0142 dostarczy\u0107 Wam dopiero we wtorek.<\/p>\n<p>Dzi\u015b wi\u0119c tylko meldunek: ju\u017c wr\u00f3cili\u015bmy i jeste\u015bmy zachwyceni podr\u00f3\u017c\u0105, spotkaniem\u00a0 z blogowym Przyjacielem, Berlinem, Pergamonem i tym, ze \u017cycie nadal jest pi\u0119kne. Pod warunkiem, \u017ce losowi cz\u0142owiek stara si\u0119 cho\u0107 troch\u0119 dopom\u00f3c.<\/p>\n<p>Powr\u00f3t by\u0142 do\u015b\u0107 szokuj\u0105cy nie tylko ze wzgl\u0119du na op\u00f3\u017anienie wspania\u0142ego poci\u0105gu Intercity PKP, bo to chyba nadal jest do\u015b\u0107 regularnym zjawiskiem. Zdumia\u0142 nas \u015bnieg le\u017c\u0105cy na ulicach i wcze\u015bniej spostrze\u017cony wzd\u0142u\u017c tor\u00f3w. Niby to jeszcze luty ale w Berlinie ju\u017c kwitn\u0105 krokusy, przebi\u015bniegi, delikatn\u0105 \u017c\u00f3\u0142ci\u0105 prze\u015bwituj\u0105 forsycje a tulipany ju\u017c wybi\u0142y spod ziemi sporymi li\u015b\u0107mi. Uwierzyli\u015bmy, \u017ce to nadchodzi wiosna. Na wszelki wypadek jednak podjedli\u015bmy na odjezdne jak mi\u015b przed wej\u015bciem do zimowej gawry. I dobrze, bo tu zimno a w lod\u00f3wce pusto.<\/p>\n<p>No wi\u0119c do jutra!<\/p>\n","protected":false},"excerpt":{"rendered":"<p>Poci\u0105g z Berlina do Warszawy sp\u00f3\u017ani\u0142 si\u0119 zaledwie godzink\u0119. Dotarli\u015bmy do domu tu\u017c przed p\u00f3\u0142noc\u0105, a \u017ce mam do zrobienia na rano rubryk\u0119 &#8222;Polityka i obyczaje&#8221; to sprawozdanie z podr\u00f3\u017cy ze zdj\u0119ciami i opisami kulinarnych rozkoszy (tych przygotowanych przez Arkadiusa i tych zjedzonych w\u00a0 paru fajnych restauracjach r\u00f3\u017cnych narod\u00f3w z wyj\u0105tkiem niemieckiego) b\u0119d\u0119 m\u00f3g\u0142 dostarczy\u0107 [&hellip;]<\/p>\n","protected":false},"author":2,"featured_media":0,"comment_status":"open","ping_status":"open","sticky":false,"template":"","format":"standard","meta":{"footnotes":""},"categories":[1],"tags":[],"_links":{"self":[{"href":"https:\/\/blog.polityka.pl\/adamczewski\/wp-json\/wp\/v2\/posts\/430"}],"collection":[{"href":"https:\/\/blog.polityka.pl\/adamczewski\/wp-json\/wp\/v2\/posts"}],"about":[{"href":"https:\/\/blog.polityka.pl\/adamczewski\/wp-json\/wp\/v2\/types\/post"}],"author":[{"embeddable":true,"href":"https:\/\/blog.polityka.pl\/adamczewski\/wp-json\/wp\/v2\/users\/2"}],"replies":[{"embeddable":true,"href":"https:\/\/blog.polityka.pl\/adamczewski\/wp-json\/wp\/v2\/comments?post=430"}],"version-history":[{"count":0,"href":"https:\/\/blog.polityka.pl\/adamczewski\/wp-json\/wp\/v2\/posts\/430\/revisions"}],"wp:attachment":[{"href":"https:\/\/blog.polityka.pl\/adamczewski\/wp-json\/wp\/v2\/media?parent=430"}],"wp:term":[{"taxonomy":"category","embeddable":true,"href":"https:\/\/blog.polityka.pl\/adamczewski\/wp-json\/wp\/v2\/categories?post=430"},{"taxonomy":"post_tag","embeddable":true,"href":"https:\/\/blog.polityka.pl\/adamczewski\/wp-json\/wp\/v2\/tags?post=430"}],"curies":[{"name":"wp","href":"https:\/\/api.w.org\/{rel}","templated":true}]}}