
{"id":432,"date":"2008-02-20T08:00:14","date_gmt":"2008-02-20T07:00:14","guid":{"rendered":"http:\/\/adamczewski.blog.polityka.pl\/?p=432"},"modified":"2008-02-18T17:08:36","modified_gmt":"2008-02-18T16:08:36","slug":"zgadnij-co-gotujemy-78","status":"publish","type":"post","link":"https:\/\/blog.polityka.pl\/adamczewski\/2008\/02\/20\/zgadnij-co-gotujemy-78\/","title":{"rendered":"Zgadnij co gotujemy? (78)"},"content":{"rendered":"<p>Kolejny quiz b\u0119dzie niemiecki. Mam bowiem w g\u0142owie \u015bwie\u017ce wspomnienia z Berlina i smak niemieckiej w\u0105trobianki pa\u0142aszowanej na \u015bniadanie z wspania\u0142ymi bu\u0142eczkami. Trzy dzisiejsze pytania b\u0119d\u0105 wi\u0119c zwi\u0105zane z niemieck\u0105 kuchni\u0105. Kto najszybciej i prawid\u0142owo na nie odpowie otrzyma, tak\u017ce i tym razem nie ksi\u0105\u017ck\u0119 lecz koszulk\u0119 (T-shirt) wyprodukowana na jubileusz 50-lecia &#8222;Polityki&#8221;. Aby umo\u017cliwi\u0107 z\u0142o\u017cenie autografu i dedykacji, do koszulki do\u0142\u0105czony b\u0119dzie jeden z dawniej wydanych zeszycik\u00f3w kulinarnych.<\/p>\n<p>No to do dzie\u0142a!<br \/>\n1. S\u0105 dwie bardzo s\u0142ynne niemieckie zupy piwna i druga, ulubiona zupa kanclerza Bismarcka &#8211; co to za zupa?<br \/>\n2. Weisswurst &#8211; bia\u0142a  niezwykle delikatna kie\u0142baska pochodzi z&#8230;?<br \/>\n3. Najs\u0142ynniejsza niemiecka sa\u0142atka podawana i na zimno i na gor\u0105co to&#8230;?<\/p>\n<p>Odpowiedzi, jak zwykle, trzeba wysy\u0142a\u0107 na adres internet@polityka.com.pl<\/p>\n","protected":false},"excerpt":{"rendered":"<p>Kolejny quiz b\u0119dzie niemiecki. Mam bowiem w g\u0142owie \u015bwie\u017ce wspomnienia z Berlina i smak niemieckiej w\u0105trobianki pa\u0142aszowanej na \u015bniadanie z wspania\u0142ymi bu\u0142eczkami. Trzy dzisiejsze pytania b\u0119d\u0105 wi\u0119c zwi\u0105zane z niemieck\u0105 kuchni\u0105. Kto najszybciej i prawid\u0142owo na nie odpowie otrzyma, tak\u017ce i tym razem nie ksi\u0105\u017ck\u0119 lecz koszulk\u0119 (T-shirt) wyprodukowana na jubileusz 50-lecia &#8222;Polityki&#8221;. Aby umo\u017cliwi\u0107 [&hellip;]<\/p>\n","protected":false},"author":2,"featured_media":0,"comment_status":"open","ping_status":"open","sticky":false,"template":"","format":"standard","meta":{"footnotes":""},"categories":[1],"tags":[],"_links":{"self":[{"href":"https:\/\/blog.polityka.pl\/adamczewski\/wp-json\/wp\/v2\/posts\/432"}],"collection":[{"href":"https:\/\/blog.polityka.pl\/adamczewski\/wp-json\/wp\/v2\/posts"}],"about":[{"href":"https:\/\/blog.polityka.pl\/adamczewski\/wp-json\/wp\/v2\/types\/post"}],"author":[{"embeddable":true,"href":"https:\/\/blog.polityka.pl\/adamczewski\/wp-json\/wp\/v2\/users\/2"}],"replies":[{"embeddable":true,"href":"https:\/\/blog.polityka.pl\/adamczewski\/wp-json\/wp\/v2\/comments?post=432"}],"version-history":[{"count":0,"href":"https:\/\/blog.polityka.pl\/adamczewski\/wp-json\/wp\/v2\/posts\/432\/revisions"}],"wp:attachment":[{"href":"https:\/\/blog.polityka.pl\/adamczewski\/wp-json\/wp\/v2\/media?parent=432"}],"wp:term":[{"taxonomy":"category","embeddable":true,"href":"https:\/\/blog.polityka.pl\/adamczewski\/wp-json\/wp\/v2\/categories?post=432"},{"taxonomy":"post_tag","embeddable":true,"href":"https:\/\/blog.polityka.pl\/adamczewski\/wp-json\/wp\/v2\/tags?post=432"}],"curies":[{"name":"wp","href":"https:\/\/api.w.org\/{rel}","templated":true}]}}