
{"id":4321,"date":"2012-04-11T08:00:09","date_gmt":"2012-04-11T06:00:09","guid":{"rendered":"http:\/\/adamczewski.blog.polityka.pl\/?p=4321"},"modified":"2012-03-30T19:11:55","modified_gmt":"2012-03-30T17:11:55","slug":"zgadnij-co-gotujemy-117","status":"publish","type":"post","link":"https:\/\/blog.polityka.pl\/adamczewski\/2012\/04\/11\/zgadnij-co-gotujemy-117\/","title":{"rendered":"Zgadnij co gotujemy"},"content":{"rendered":"<p><a href=\"\/wp-content\/uploads\/2012\/04\/blog-Lapanowski.jpg\"><img loading=\"lazy\" decoding=\"async\" class=\"aligncenter size-medium wp-image-4325\" title=\"blog Lapanowski\" src=\"\/wp-content\/uploads\/2012\/04\/blog-Lapanowski-208x300.jpg\" alt=\"\" width=\"208\" height=\"300\" \/><\/a><\/p>\n<p>Dzi\u015b do wygrania kolejna ksi\u0105\u017cka. Tym razem ksi\u0105\u017cka znanego na blogu autora i raz ju\u017c wygrana. To sympatyczna i po\u017cyteczna ksi\u0105\u017cka Grzegorza \u0141apanowskiego pt. &#8222;Smakuje&#8221;, w kt\u00f3rej ten m\u0142ody kucharz i dziennikarz telewizyjny wyk\u0142ada swoje kulinarne credo. Kto pierwszy przy\u015ble odpowiedzi uznane za prawid\u0142owe ten otrzyma w nagrod\u0119 pi\u0119knie wydan\u0105 ksi\u0105\u017ck\u0119..<br \/>\n\u00a0A teraz pytania:<\/p>\n<p>1. Co to jest annato i sk\u0105d pochodzi?<\/p>\n<p>2. Gdzie stosowany jest w kuchni kurdiuk i co to takiego?<\/p>\n<p>3.Nopolitos to jest nap\u00f3j, orzech czy kaktus jadalny i gdzie go mo\u017cna spotka\u0107?<\/p>\n<p>Teraz prosz\u0119 o szybkie wys\u0142anie odpowiedzi na znany adres czyli <a href=\"mailto:internet@polityka.com.pl\">internet@polityka.com.pl<\/a>\u00a0 i ksi\u0105\u017cka\u00a0 zostanie wyekspediowana pod wskazany adres.<\/p>\n","protected":false},"excerpt":{"rendered":"<p>Dzi\u015b do wygrania kolejna ksi\u0105\u017cka. Tym razem ksi\u0105\u017cka znanego na blogu autora i raz ju\u017c wygrana. To sympatyczna i po\u017cyteczna ksi\u0105\u017cka Grzegorza \u0141apanowskiego pt. &#8222;Smakuje&#8221;, w kt\u00f3rej ten m\u0142ody kucharz i dziennikarz telewizyjny wyk\u0142ada swoje kulinarne credo. Kto pierwszy przy\u015ble odpowiedzi uznane za prawid\u0142owe ten otrzyma w nagrod\u0119 pi\u0119knie wydan\u0105 ksi\u0105\u017ck\u0119.. \u00a0A teraz pytania: 1. [&hellip;]<\/p>\n","protected":false},"author":2,"featured_media":0,"comment_status":"open","ping_status":"open","sticky":false,"template":"","format":"standard","meta":{"footnotes":""},"categories":[1],"tags":[],"_links":{"self":[{"href":"https:\/\/blog.polityka.pl\/adamczewski\/wp-json\/wp\/v2\/posts\/4321"}],"collection":[{"href":"https:\/\/blog.polityka.pl\/adamczewski\/wp-json\/wp\/v2\/posts"}],"about":[{"href":"https:\/\/blog.polityka.pl\/adamczewski\/wp-json\/wp\/v2\/types\/post"}],"author":[{"embeddable":true,"href":"https:\/\/blog.polityka.pl\/adamczewski\/wp-json\/wp\/v2\/users\/2"}],"replies":[{"embeddable":true,"href":"https:\/\/blog.polityka.pl\/adamczewski\/wp-json\/wp\/v2\/comments?post=4321"}],"version-history":[{"count":4,"href":"https:\/\/blog.polityka.pl\/adamczewski\/wp-json\/wp\/v2\/posts\/4321\/revisions"}],"predecessor-version":[{"id":4324,"href":"https:\/\/blog.polityka.pl\/adamczewski\/wp-json\/wp\/v2\/posts\/4321\/revisions\/4324"}],"wp:attachment":[{"href":"https:\/\/blog.polityka.pl\/adamczewski\/wp-json\/wp\/v2\/media?parent=4321"}],"wp:term":[{"taxonomy":"category","embeddable":true,"href":"https:\/\/blog.polityka.pl\/adamczewski\/wp-json\/wp\/v2\/categories?post=4321"},{"taxonomy":"post_tag","embeddable":true,"href":"https:\/\/blog.polityka.pl\/adamczewski\/wp-json\/wp\/v2\/tags?post=4321"}],"curies":[{"name":"wp","href":"https:\/\/api.w.org\/{rel}","templated":true}]}}