
{"id":4347,"date":"2012-04-18T08:00:58","date_gmt":"2012-04-18T06:00:58","guid":{"rendered":"http:\/\/adamczewski.blog.polityka.pl\/?p=4347"},"modified":"2012-04-12T14:34:01","modified_gmt":"2012-04-12T12:34:01","slug":"zgadnij-co-gotujemy-118","status":"publish","type":"post","link":"https:\/\/blog.polityka.pl\/adamczewski\/2012\/04\/18\/zgadnij-co-gotujemy-118\/","title":{"rendered":"Zgadnij co gotujemy"},"content":{"rendered":"<p>Dzi\u015b do wygrania kolejna ksi\u0105\u017cka wydana przez &#8222;Polityk\u0119&#8221; w kanonie literatury polskiej . Kto pierwszy przy\u015ble odpowiedzi uznane za prawid\u0142owe ten otrzyma w nagrod\u0119 pi\u0119knie wydan\u0105 ksi\u0105\u017ck\u0119..<\/p>\n<p>\u00a0A teraz pytania:<\/p>\n<p>1. Czy olla podrida to jest taniec przy kuchni pe\u0142en podryg\u00f3w?<\/p>\n<p>2. Ochsenzahne to deser czy nap\u00f3j?<\/p>\n<p>3.Gdzie mo\u017cna zje\u015b\u0107 sord\u0119 i co to za potrawa?<\/p>\n<p>Teraz prosz\u0119 o szybkie wys\u0142anie odpowiedzi na znany adres czyli <a href=\"mailto:internet@polityka.com.pl\">internet@polityka.com.pl<\/a>\u00a0 i ksi\u0105\u017cka\u00a0 zostanie wyekspediowana pod wskazany adres.<\/p>\n","protected":false},"excerpt":{"rendered":"<p>Dzi\u015b do wygrania kolejna ksi\u0105\u017cka wydana przez &#8222;Polityk\u0119&#8221; w kanonie literatury polskiej . Kto pierwszy przy\u015ble odpowiedzi uznane za prawid\u0142owe ten otrzyma w nagrod\u0119 pi\u0119knie wydan\u0105 ksi\u0105\u017ck\u0119.. \u00a0A teraz pytania: 1. Czy olla podrida to jest taniec przy kuchni pe\u0142en podryg\u00f3w? 2. Ochsenzahne to deser czy nap\u00f3j? 3.Gdzie mo\u017cna zje\u015b\u0107 sord\u0119 i co to za [&hellip;]<\/p>\n","protected":false},"author":2,"featured_media":0,"comment_status":"open","ping_status":"open","sticky":false,"template":"","format":"standard","meta":{"footnotes":""},"categories":[1],"tags":[],"_links":{"self":[{"href":"https:\/\/blog.polityka.pl\/adamczewski\/wp-json\/wp\/v2\/posts\/4347"}],"collection":[{"href":"https:\/\/blog.polityka.pl\/adamczewski\/wp-json\/wp\/v2\/posts"}],"about":[{"href":"https:\/\/blog.polityka.pl\/adamczewski\/wp-json\/wp\/v2\/types\/post"}],"author":[{"embeddable":true,"href":"https:\/\/blog.polityka.pl\/adamczewski\/wp-json\/wp\/v2\/users\/2"}],"replies":[{"embeddable":true,"href":"https:\/\/blog.polityka.pl\/adamczewski\/wp-json\/wp\/v2\/comments?post=4347"}],"version-history":[{"count":5,"href":"https:\/\/blog.polityka.pl\/adamczewski\/wp-json\/wp\/v2\/posts\/4347\/revisions"}],"predecessor-version":[{"id":4357,"href":"https:\/\/blog.polityka.pl\/adamczewski\/wp-json\/wp\/v2\/posts\/4347\/revisions\/4357"}],"wp:attachment":[{"href":"https:\/\/blog.polityka.pl\/adamczewski\/wp-json\/wp\/v2\/media?parent=4347"}],"wp:term":[{"taxonomy":"category","embeddable":true,"href":"https:\/\/blog.polityka.pl\/adamczewski\/wp-json\/wp\/v2\/categories?post=4347"},{"taxonomy":"post_tag","embeddable":true,"href":"https:\/\/blog.polityka.pl\/adamczewski\/wp-json\/wp\/v2\/tags?post=4347"}],"curies":[{"name":"wp","href":"https:\/\/api.w.org\/{rel}","templated":true}]}}