
{"id":437,"date":"2008-02-27T08:00:39","date_gmt":"2008-02-27T07:00:39","guid":{"rendered":"http:\/\/adamczewski.blog.polityka.pl\/?p=437"},"modified":"2008-02-27T08:00:39","modified_gmt":"2008-02-27T07:00:39","slug":"zgadnij-co-gotujemy-79","status":"publish","type":"post","link":"https:\/\/blog.polityka.pl\/adamczewski\/2008\/02\/27\/zgadnij-co-gotujemy-79\/","title":{"rendered":"Zgadnij co gotujemy? (79)"},"content":{"rendered":"<p>Kolejny quiz b\u0119dzie&#8230; klasztorny. Tkwi\u0119 bowiem\u00a0 w lekturze dotycz\u0105cej historii sto\u0142u papieskiego. To arcyciekawa lektura. I chc\u0119 si\u0119 ni\u0105 podzieli\u0107 z blogowymi przyjaci\u00f3\u0142mi. Po rozwi\u0105zaniu zagadki podam tytu\u0142 ksi\u0105\u017cki dzi\u0119ki kt\u00f3rej powsta\u0142y pytania. Kto najszybciej i prawid\u0142owo na nie odpowie otrzyma, i tym razem nie ksi\u0105\u017ck\u0119 lecz koszulk\u0119 (T-shirt) wyprodukowana na jubileusz 50-lecia &#8222;Polityki&#8221;. Aby umo\u017cliwi\u0107 z\u0142o\u017cenie autografu i dedykacji, do koszulki do\u0142\u0105czony b\u0119dzie jeden z dawniej wydanych zeszycik\u00f3w kulinarnych.<\/p>\n<p>No to do dzie\u0142a!<\/p>\n<p>1. Ma\u0142\u017ce by\u0142y po\u017cywieniem pielgrzymuj\u0105cych \u015bladami \u015bw. Jakuba. W jakiej cz\u0119\u015bci Hiszpanii stoi \u015bwi\u0105tynia patrona tych \u0142asuch\u00f3w?<br \/>\n2. Najstarszy ser szwajcarski to schabziger (ser kozi), by\u0142 on produkowany ju\u017c w VIII wieku ale w kt\u00f3rym (\u017ce\u0144skim) klasztorze?<br \/>\n3. O zupie tej pisze w swej ksi\u0105\u017cce zatytu\u0142owanej &#8222;Opera&#8221; i wydanej w 1570 r w Wenecji Bartolomeo Scappi i nazywa j\u0105 zup\u0105 aposto\u0142\u00f3w (brodo apostolorum) &#8211; z czego to zupa?<\/p>\n<p>Odpowiedzi, jak zwykle, trzeba wysy\u0142a\u0107 na adres internet@polityka.com.pl<\/p>\n","protected":false},"excerpt":{"rendered":"<p>Kolejny quiz b\u0119dzie&#8230; klasztorny. Tkwi\u0119 bowiem\u00a0 w lekturze dotycz\u0105cej historii sto\u0142u papieskiego. To arcyciekawa lektura. I chc\u0119 si\u0119 ni\u0105 podzieli\u0107 z blogowymi przyjaci\u00f3\u0142mi. Po rozwi\u0105zaniu zagadki podam tytu\u0142 ksi\u0105\u017cki dzi\u0119ki kt\u00f3rej powsta\u0142y pytania. Kto najszybciej i prawid\u0142owo na nie odpowie otrzyma, i tym razem nie ksi\u0105\u017ck\u0119 lecz koszulk\u0119 (T-shirt) wyprodukowana na jubileusz 50-lecia &#8222;Polityki&#8221;. Aby [&hellip;]<\/p>\n","protected":false},"author":2,"featured_media":0,"comment_status":"open","ping_status":"open","sticky":false,"template":"","format":"standard","meta":{"footnotes":""},"categories":[1],"tags":[],"_links":{"self":[{"href":"https:\/\/blog.polityka.pl\/adamczewski\/wp-json\/wp\/v2\/posts\/437"}],"collection":[{"href":"https:\/\/blog.polityka.pl\/adamczewski\/wp-json\/wp\/v2\/posts"}],"about":[{"href":"https:\/\/blog.polityka.pl\/adamczewski\/wp-json\/wp\/v2\/types\/post"}],"author":[{"embeddable":true,"href":"https:\/\/blog.polityka.pl\/adamczewski\/wp-json\/wp\/v2\/users\/2"}],"replies":[{"embeddable":true,"href":"https:\/\/blog.polityka.pl\/adamczewski\/wp-json\/wp\/v2\/comments?post=437"}],"version-history":[{"count":0,"href":"https:\/\/blog.polityka.pl\/adamczewski\/wp-json\/wp\/v2\/posts\/437\/revisions"}],"wp:attachment":[{"href":"https:\/\/blog.polityka.pl\/adamczewski\/wp-json\/wp\/v2\/media?parent=437"}],"wp:term":[{"taxonomy":"category","embeddable":true,"href":"https:\/\/blog.polityka.pl\/adamczewski\/wp-json\/wp\/v2\/categories?post=437"},{"taxonomy":"post_tag","embeddable":true,"href":"https:\/\/blog.polityka.pl\/adamczewski\/wp-json\/wp\/v2\/tags?post=437"}],"curies":[{"name":"wp","href":"https:\/\/api.w.org\/{rel}","templated":true}]}}