
{"id":4402,"date":"2012-04-21T12:00:44","date_gmt":"2012-04-21T10:00:44","guid":{"rendered":"http:\/\/adamczewski.blog.polityka.pl\/?p=4402"},"modified":"2012-04-20T13:18:19","modified_gmt":"2012-04-20T11:18:19","slug":"ksiazka-jak-roza","status":"publish","type":"post","link":"https:\/\/blog.polityka.pl\/adamczewski\/2012\/04\/21\/ksiazka-jak-roza\/","title":{"rendered":"Ksi\u0105\u017cka jak r\u00f3\u017ca"},"content":{"rendered":"<p><a href=\"\/wp-content\/uploads\/2012\/04\/5minut_logo_big.jpg\"><img loading=\"lazy\" decoding=\"async\" class=\"alignright size-medium wp-image-4403\" title=\"5minut_logo_big\" src=\"\/wp-content\/uploads\/2012\/04\/5minut_logo_big-171x300.jpg\" alt=\"\" width=\"171\" height=\"300\" \/><\/a><\/p>\n<p>Jutro czyli w niedziel\u0119, 22 kwietnia 2012, o godzinie 17:00 w 35 polskich miastach, jak r\u00f3wnie\u017c w Arucas (Gran Canaria) i Strassburgu odb\u0119dzie si\u0119 wiosenny fina\u0142 akcji &#8222;5 minut dla ksi\u0105\u017cki&#8221;, organizowany pod has\u0142em &#8222;Czytamy pod chmurk\u0105&#8221;. Mi\u0142o\u015bnicy literatury spotkaj\u0105 si\u0119 w centralnych punktach miast i miejscowo\u015bci, by zach\u0119ca\u0107 przechodni\u00f3w do si\u0119gni\u0119cia po ksi\u0105\u017ck\u0119 oraz by przeczyta\u0107 fragment, ukazuj\u0105cy znaczenie ksi\u0105\u017cki w \u017cyciu spo\u0142ecznym.<\/p>\n<p>&#8211; Warszawa i Pawonk\u00f3w, Gda\u0144sk i Nasielsk, \u0141\u00f3d\u017a i Siemirowice, Katowice i Nowy Staw &#8211; wylicza miejsca lektury pod chmurk\u0105 S\u0142awomir Krempa, redaktor naczelny wortalu literackiego Granice.pl.\u00a0&#8211; A ponadto Arucas (Gran Canaria), Bia\u0142ystok, Bydgoszcz, Elbl\u0105g, Gliwice, Gryfice, I\u0142awa, Kamienna G\u00f3ra, Kielce, Kra\u015bnik, Lublin, \u0141a\u0144cut, \u0141opo\u0144, Nowy Dw\u00f3r Gda\u0144ski, Olsztyn, Pabianice, Piekary \u015al\u0105skie, Pozna\u0144, Rumia, Rzesz\u00f3w, Soko\u0142\u00f3w Podlaski, Strassburg, Szczecin, Toru\u0144, Trzcianka, W\u0105growiec i Wroc\u0142aw. Ogromne zaanga\u017cowanie bibliotekarzy, ksi\u0119garzy, a tak\u017ce dziesi\u0105tek czytelnik\u00f3w z tych miast pozwoli\u0142o na zorganizowanie w nich fina\u0142\u00f3w akcji.<br \/>\n&#8211; Mamy nadziej\u0119, \u017ce uda nam si\u0119 w pewien spos\u00f3b zaprzeczy\u0107 statystyce\u00a0&#8211; m\u00f3wi Kamil \u015awi\u0105tkowski z serwisu PrzyKominku.com\u00a0&#8211; Liczymy na to, \u017ce spore grupy ludzi zbieraj\u0105ce si\u0119 w mocno ucz\u0119szczanych punktach miast i czytaj\u0105ce zwr\u00f3c\u0105 uwag\u0119 przechodni\u00f3w na fakt, \u017ce czytelnictwo jeszcze nie umar\u0142o. I nie zniknie zupe\u0142nie, dop\u00f3ki ludzie po ksi\u0105\u017ck\u0119 b\u0119d\u0105 si\u0119ga\u0107.<br \/>\nWydarzenie odbywa si\u0119 w przeddzie\u0144 \u015awiatowego Dnia Ksi\u0105\u017cki i ma stanowi\u0107 jego zapowied\u017a oraz przypomnienie o nim.<br \/>\n&#8211; W krajach Europy Zachodniej zgodnie z tradycj\u0105 23 kwietnia panowie wr\u0119czali kobietom r\u00f3\u017c\u0119, a panie odwdzi\u0119cza\u0142y si\u0119, ofiarowuj\u0105c im ksi\u0105\u017ck\u0119 &#8211; przypomina Grzegorz Raczek z portalu DuzeKa.pl\u00a0&#8211; U nas tradycja ta na szersz\u0105 skal\u0119 nie zago\u015bci\u0142a. A szkoda. Wydaje si\u0119, \u017ce troch\u0119 zapomniano r\u00f3wnie\u017c o tym, by w tym roku z okazji \u015awiatowego Dnia Ksi\u0105\u017cki organizowa\u0107 na szersz\u0105 skal\u0119 wydarzenia kulturalne czy akcje promuj\u0105ce czytelnictwo. Przedsi\u0119wzi\u0119cie &#8222;5 minut dla ksi\u0105\u017cki. Czytamy pod chmurk\u0105&#8221; ma t\u0119 luk\u0119 zape\u0142ni\u0107. Jeste\u015bmy przekonani, \u017ce po raz kolejny uda nam si\u0119 nak\u0142oni\u0107 ca\u0142\u0105 Polsk\u0119 do czytania.<\/p>\n<p><a href=\"\/wp-content\/uploads\/2012\/04\/P42000011.jpg\"><img loading=\"lazy\" decoding=\"async\" class=\"aligncenter size-medium wp-image-4408\" title=\"OLYMPUS DIGITAL CAMERA\" src=\"\/wp-content\/uploads\/2012\/04\/P42000011-300x225.jpg\" alt=\"\" width=\"300\" height=\"225\" srcset=\"\/adamczewski\/wp-content\/uploads\/2012\/04\/P42000011-300x225.jpg 300w, \/adamczewski\/wp-content\/uploads\/2012\/04\/P42000011.jpg 640w\" sizes=\"(max-width: 300px) 100vw, 300px\" \/><\/a><br \/>\nW\u015br\u00f3d czytanych ksi\u0105\u017cek pod chmurk\u0105 nie powinno zabrakn\u0105\u0107 i ksi\u0105\u017cek dotycz\u0105cych sto\u0142u, kuchni i obyczaj\u00f3w towarzyskich\u00a0 czyli lektury dla smakoszy.<\/p>\n<p>Blog akcji: <a href=\"http:\/\/5minutdlaksiazki.blogspot.com\/\">http:\/\/5minutdlaksiazki.blogspot.com\/<\/a><\/p>\n","protected":false},"excerpt":{"rendered":"<p>Jutro czyli w niedziel\u0119, 22 kwietnia 2012, o godzinie 17:00 w 35 polskich miastach, jak r\u00f3wnie\u017c w Arucas (Gran Canaria) i Strassburgu odb\u0119dzie si\u0119 wiosenny fina\u0142 akcji &#8222;5 minut dla ksi\u0105\u017cki&#8221;, organizowany pod has\u0142em &#8222;Czytamy pod chmurk\u0105&#8221;. Mi\u0142o\u015bnicy literatury spotkaj\u0105 si\u0119 w centralnych punktach miast i miejscowo\u015bci, by zach\u0119ca\u0107 przechodni\u00f3w do si\u0119gni\u0119cia po ksi\u0105\u017ck\u0119 oraz [&hellip;]<\/p>\n","protected":false},"author":2,"featured_media":0,"comment_status":"open","ping_status":"open","sticky":false,"template":"","format":"standard","meta":{"footnotes":""},"categories":[1],"tags":[],"_links":{"self":[{"href":"https:\/\/blog.polityka.pl\/adamczewski\/wp-json\/wp\/v2\/posts\/4402"}],"collection":[{"href":"https:\/\/blog.polityka.pl\/adamczewski\/wp-json\/wp\/v2\/posts"}],"about":[{"href":"https:\/\/blog.polityka.pl\/adamczewski\/wp-json\/wp\/v2\/types\/post"}],"author":[{"embeddable":true,"href":"https:\/\/blog.polityka.pl\/adamczewski\/wp-json\/wp\/v2\/users\/2"}],"replies":[{"embeddable":true,"href":"https:\/\/blog.polityka.pl\/adamczewski\/wp-json\/wp\/v2\/comments?post=4402"}],"version-history":[{"count":5,"href":"https:\/\/blog.polityka.pl\/adamczewski\/wp-json\/wp\/v2\/posts\/4402\/revisions"}],"predecessor-version":[{"id":4410,"href":"https:\/\/blog.polityka.pl\/adamczewski\/wp-json\/wp\/v2\/posts\/4402\/revisions\/4410"}],"wp:attachment":[{"href":"https:\/\/blog.polityka.pl\/adamczewski\/wp-json\/wp\/v2\/media?parent=4402"}],"wp:term":[{"taxonomy":"category","embeddable":true,"href":"https:\/\/blog.polityka.pl\/adamczewski\/wp-json\/wp\/v2\/categories?post=4402"},{"taxonomy":"post_tag","embeddable":true,"href":"https:\/\/blog.polityka.pl\/adamczewski\/wp-json\/wp\/v2\/tags?post=4402"}],"curies":[{"name":"wp","href":"https:\/\/api.w.org\/{rel}","templated":true}]}}