
{"id":442,"date":"2008-03-05T08:00:56","date_gmt":"2008-03-05T07:00:56","guid":{"rendered":"http:\/\/adamczewski.blog.polityka.pl\/?p=442"},"modified":"2008-03-05T08:00:56","modified_gmt":"2008-03-05T07:00:56","slug":"zgadnij-co-gotujemy-80","status":"publish","type":"post","link":"https:\/\/blog.polityka.pl\/adamczewski\/2008\/03\/05\/zgadnij-co-gotujemy-80\/","title":{"rendered":"Zgadnij co gotujemy? (80)"},"content":{"rendered":"<p>Min\u0119\u0142o w\u0142a\u015bnie w tym tygodniu pi\u0119\u0107dziesi\u0105t jeden lat &#8222;Polityki&#8221;. No to wypada by nagrod\u0105 w quizie by\u0142a zn\u00f3w ksi\u0105\u017cka o historii tygodnika i pracuj\u0105cych przez lata w redakcji ludziach. Dodatkow\u0105 atrakcj\u0105 b\u0119d\u0105 autografy niekt\u00f3rych z nich. Tym razem jednak pytania nie b\u0119d\u0105 dotycz\u0105ce dziej\u00f3w firmy lecz &#8230;<\/p>\n<p>1. Co to takiego juki u\u0142a\u0144skie?<br \/>\n2. Czy paprotka jest jadalna?<br \/>\n3. Rozbratel to awantura z bratem czy zupe\u0142nie co innego?<\/p>\n<p>Kto najszybciej przy\u015ble prawid\u0142owe odpowiedzi na wszystkie trzy pytania na adres internet@polityka.com.pl ten zostanie w\u0142a\u015bcicielem ksi\u0105\u017cki &#8222;Polityka i jej ludzie&#8221;. Czekam wi\u0119c!<\/p>\n","protected":false},"excerpt":{"rendered":"<p>Min\u0119\u0142o w\u0142a\u015bnie w tym tygodniu pi\u0119\u0107dziesi\u0105t jeden lat &#8222;Polityki&#8221;. No to wypada by nagrod\u0105 w quizie by\u0142a zn\u00f3w ksi\u0105\u017cka o historii tygodnika i pracuj\u0105cych przez lata w redakcji ludziach. Dodatkow\u0105 atrakcj\u0105 b\u0119d\u0105 autografy niekt\u00f3rych z nich. Tym razem jednak pytania nie b\u0119d\u0105 dotycz\u0105ce dziej\u00f3w firmy lecz &#8230; 1. Co to takiego juki u\u0142a\u0144skie? 2. Czy [&hellip;]<\/p>\n","protected":false},"author":2,"featured_media":0,"comment_status":"open","ping_status":"open","sticky":false,"template":"","format":"standard","meta":{"footnotes":""},"categories":[1],"tags":[],"_links":{"self":[{"href":"https:\/\/blog.polityka.pl\/adamczewski\/wp-json\/wp\/v2\/posts\/442"}],"collection":[{"href":"https:\/\/blog.polityka.pl\/adamczewski\/wp-json\/wp\/v2\/posts"}],"about":[{"href":"https:\/\/blog.polityka.pl\/adamczewski\/wp-json\/wp\/v2\/types\/post"}],"author":[{"embeddable":true,"href":"https:\/\/blog.polityka.pl\/adamczewski\/wp-json\/wp\/v2\/users\/2"}],"replies":[{"embeddable":true,"href":"https:\/\/blog.polityka.pl\/adamczewski\/wp-json\/wp\/v2\/comments?post=442"}],"version-history":[{"count":0,"href":"https:\/\/blog.polityka.pl\/adamczewski\/wp-json\/wp\/v2\/posts\/442\/revisions"}],"wp:attachment":[{"href":"https:\/\/blog.polityka.pl\/adamczewski\/wp-json\/wp\/v2\/media?parent=442"}],"wp:term":[{"taxonomy":"category","embeddable":true,"href":"https:\/\/blog.polityka.pl\/adamczewski\/wp-json\/wp\/v2\/categories?post=442"},{"taxonomy":"post_tag","embeddable":true,"href":"https:\/\/blog.polityka.pl\/adamczewski\/wp-json\/wp\/v2\/tags?post=442"}],"curies":[{"name":"wp","href":"https:\/\/api.w.org\/{rel}","templated":true}]}}