
{"id":4423,"date":"2012-04-25T08:00:47","date_gmt":"2012-04-25T06:00:47","guid":{"rendered":"http:\/\/adamczewski.blog.polityka.pl\/?p=4423"},"modified":"2012-04-20T16:17:22","modified_gmt":"2012-04-20T14:17:22","slug":"zgadnij-co-gotujemy-119","status":"publish","type":"post","link":"https:\/\/blog.polityka.pl\/adamczewski\/2012\/04\/25\/zgadnij-co-gotujemy-119\/","title":{"rendered":"Zgadnij co gotujemy"},"content":{"rendered":"<p>\u00a0 Dzi\u015b do wygrania kolejna ksi\u0105\u017cka wydana przez &#8222;Polityk\u0119&#8221; w bogatej kolekcji krymina\u0142\u00f3w.Tym razem b\u0119dzie to jedna z ksi\u0105\u017cek pary autor\u00f3w: Mariusz Czubaj i Marek Krajewski. Kto pierwszy przy\u015ble odpowiedzi uznane za prawid\u0142owe ten otrzyma w nagrod\u0119 interesuj\u0105c\u0105 ksi\u0105\u017ck\u0119 uznawan\u0105 za \u015bwietn\u0105 rozrywk\u0119 i jednocze\u015bnie dobr\u0105 literatur\u0119 .<br \/>\n\u00a0A teraz pytania:<\/p>\n<p>1. Czy wiecie co to takiego botarga (lub bottarga)?<\/p>\n<p>2. Co to za zwierz\u0119 &#8211; moron?<\/p>\n<p>3.Co to takiego wspi\u0119ga?<\/p>\n<p>Teraz prosz\u0119 o szybkie wys\u0142anie odpowiedzi na znany adres czyli <a href=\"mailto:internet@polityka.com.pl\">internet@polityka.com.pl<\/a>\u00a0 i ksi\u0105\u017cka\u00a0 zostanie wyekspediowana pod wskazany adres.<\/p>\n","protected":false},"excerpt":{"rendered":"<p>\u00a0 Dzi\u015b do wygrania kolejna ksi\u0105\u017cka wydana przez &#8222;Polityk\u0119&#8221; w bogatej kolekcji krymina\u0142\u00f3w.Tym razem b\u0119dzie to jedna z ksi\u0105\u017cek pary autor\u00f3w: Mariusz Czubaj i Marek Krajewski. Kto pierwszy przy\u015ble odpowiedzi uznane za prawid\u0142owe ten otrzyma w nagrod\u0119 interesuj\u0105c\u0105 ksi\u0105\u017ck\u0119 uznawan\u0105 za \u015bwietn\u0105 rozrywk\u0119 i jednocze\u015bnie dobr\u0105 literatur\u0119 . \u00a0A teraz pytania: 1. Czy wiecie co [&hellip;]<\/p>\n","protected":false},"author":2,"featured_media":0,"comment_status":"open","ping_status":"open","sticky":false,"template":"","format":"standard","meta":{"footnotes":""},"categories":[1],"tags":[],"_links":{"self":[{"href":"https:\/\/blog.polityka.pl\/adamczewski\/wp-json\/wp\/v2\/posts\/4423"}],"collection":[{"href":"https:\/\/blog.polityka.pl\/adamczewski\/wp-json\/wp\/v2\/posts"}],"about":[{"href":"https:\/\/blog.polityka.pl\/adamczewski\/wp-json\/wp\/v2\/types\/post"}],"author":[{"embeddable":true,"href":"https:\/\/blog.polityka.pl\/adamczewski\/wp-json\/wp\/v2\/users\/2"}],"replies":[{"embeddable":true,"href":"https:\/\/blog.polityka.pl\/adamczewski\/wp-json\/wp\/v2\/comments?post=4423"}],"version-history":[{"count":3,"href":"https:\/\/blog.polityka.pl\/adamczewski\/wp-json\/wp\/v2\/posts\/4423\/revisions"}],"predecessor-version":[{"id":4425,"href":"https:\/\/blog.polityka.pl\/adamczewski\/wp-json\/wp\/v2\/posts\/4423\/revisions\/4425"}],"wp:attachment":[{"href":"https:\/\/blog.polityka.pl\/adamczewski\/wp-json\/wp\/v2\/media?parent=4423"}],"wp:term":[{"taxonomy":"category","embeddable":true,"href":"https:\/\/blog.polityka.pl\/adamczewski\/wp-json\/wp\/v2\/categories?post=4423"},{"taxonomy":"post_tag","embeddable":true,"href":"https:\/\/blog.polityka.pl\/adamczewski\/wp-json\/wp\/v2\/tags?post=4423"}],"curies":[{"name":"wp","href":"https:\/\/api.w.org\/{rel}","templated":true}]}}