
{"id":445,"date":"2008-03-12T08:00:02","date_gmt":"2008-03-12T07:00:02","guid":{"rendered":"http:\/\/adamczewski.blog.polityka.pl\/?p=445"},"modified":"2008-03-12T08:00:02","modified_gmt":"2008-03-12T07:00:02","slug":"zgadnij-co-gotujemy-81","status":"publish","type":"post","link":"https:\/\/blog.polityka.pl\/adamczewski\/2008\/03\/12\/zgadnij-co-gotujemy-81\/","title":{"rendered":"Zgadnij co gotujemy? (81)"},"content":{"rendered":"<p>Do \u015bwi\u0105t wielkanocnych tu\u017c, tu\u017c. Ja ganiam sobie po Barcelonie a Wy musicie wyt\u0119\u017ca\u0107 umys\u0142y i odpowiada\u0107 na jakie\u015b zagadki. Ale warto. Tym razem nagrod\u0105 jest pi\u0119kny album prezentuj\u0105cy polskie zamki i dwory. Niewiele tego ocala\u0142o z licznych po\u017c\u00f3g i wojen ale od niedawna nawet najbardziej zrujnowane znajduj\u0105 ch\u0119tnych w\u0142a\u015bcicieli i bywaj\u0105 z pietyzmem odrestaurowywane. Album nie tylko pokazuje muzea, zamki i pa\u0142ace na zdj\u0119ciach ale autor, m\u0142ody naukowiec, sporo o nich wie i dzieli si\u0119 t\u0105 wiedz\u0105 z czytelnikami. To cenna ksi\u0105\u017cka. A pytania s\u0105 oczywi\u015bcie \u015bwi\u0105teczne, bo za trzy dni Niedziela Palmowa.<\/p>\n<p>1. Na Kurpiach w Niedziel\u0119 Palmow\u0105 s\u0105 konkursy gigantycznych palm, w Ma\u0142opolsce za\u015b wiejscy ch\u0142opcy przepasani s\u0142omianym powr\u00f3s\u0142em, w s\u0142omianych sto\u017ckowatych czapkach przybranych wst\u0105\u017ckami z bibu\u0142ki, biegaj\u0105 po okolicy i za wyg\u0142aszane wierszyki zbieraj\u0105 datki: ko\u0142acze i jajka &#8211; jak nazywa si\u0119 ten obyczaj?<br \/>\n2. Kiedy we wszystkich ko\u015bcio\u0142ach w Polsce zawi\u0105zuje si\u0119 dzwony i zast\u0119puj\u0105 je na znak \u017ca\u0142oby drewniane ko\u0142atki?<br \/>\n3. Wielobarwne jaja wielkanocne to bardzo stara tradycja; czym si\u0119 r\u00f3\u017cni\u0105 kraszanki inaczej zwane te\u017c malowankami od pisanek?<\/p>\n<p>Kto najszybciej przy\u015ble prawid\u0142owe odpowiedzi na wszystkie trzy pytania na adres internet@polityka.com.pl ten zostanie w\u0142a\u015bcicielem albumu \u0141ukasza Miko\u0142aja Sadowskiego pt. &#8222;Rezydencje &#8211; muzea w Polsce&#8221; oraz koszulka &#8222;Polityki&#8221;. Czekam wi\u0119c!<\/p>\n","protected":false},"excerpt":{"rendered":"<p>Do \u015bwi\u0105t wielkanocnych tu\u017c, tu\u017c. Ja ganiam sobie po Barcelonie a Wy musicie wyt\u0119\u017ca\u0107 umys\u0142y i odpowiada\u0107 na jakie\u015b zagadki. Ale warto. Tym razem nagrod\u0105 jest pi\u0119kny album prezentuj\u0105cy polskie zamki i dwory. Niewiele tego ocala\u0142o z licznych po\u017c\u00f3g i wojen ale od niedawna nawet najbardziej zrujnowane znajduj\u0105 ch\u0119tnych w\u0142a\u015bcicieli i bywaj\u0105 z pietyzmem odrestaurowywane. [&hellip;]<\/p>\n","protected":false},"author":2,"featured_media":0,"comment_status":"open","ping_status":"open","sticky":false,"template":"","format":"standard","meta":{"footnotes":""},"categories":[1],"tags":[],"_links":{"self":[{"href":"https:\/\/blog.polityka.pl\/adamczewski\/wp-json\/wp\/v2\/posts\/445"}],"collection":[{"href":"https:\/\/blog.polityka.pl\/adamczewski\/wp-json\/wp\/v2\/posts"}],"about":[{"href":"https:\/\/blog.polityka.pl\/adamczewski\/wp-json\/wp\/v2\/types\/post"}],"author":[{"embeddable":true,"href":"https:\/\/blog.polityka.pl\/adamczewski\/wp-json\/wp\/v2\/users\/2"}],"replies":[{"embeddable":true,"href":"https:\/\/blog.polityka.pl\/adamczewski\/wp-json\/wp\/v2\/comments?post=445"}],"version-history":[{"count":0,"href":"https:\/\/blog.polityka.pl\/adamczewski\/wp-json\/wp\/v2\/posts\/445\/revisions"}],"wp:attachment":[{"href":"https:\/\/blog.polityka.pl\/adamczewski\/wp-json\/wp\/v2\/media?parent=445"}],"wp:term":[{"taxonomy":"category","embeddable":true,"href":"https:\/\/blog.polityka.pl\/adamczewski\/wp-json\/wp\/v2\/categories?post=445"},{"taxonomy":"post_tag","embeddable":true,"href":"https:\/\/blog.polityka.pl\/adamczewski\/wp-json\/wp\/v2\/tags?post=445"}],"curies":[{"name":"wp","href":"https:\/\/api.w.org\/{rel}","templated":true}]}}