
{"id":4465,"date":"2012-05-04T08:00:48","date_gmt":"2012-05-04T06:00:48","guid":{"rendered":"http:\/\/adamczewski.blog.polityka.pl\/?p=4465"},"modified":"2012-05-02T11:01:36","modified_gmt":"2012-05-02T09:01:36","slug":"cala-polska-jest-nieczynna","status":"publish","type":"post","link":"https:\/\/blog.polityka.pl\/adamczewski\/2012\/05\/04\/cala-polska-jest-nieczynna\/","title":{"rendered":"Ca\u0142a Polska jest nieczynna"},"content":{"rendered":"<p>Pocz\u0105tek maja a tu wszystko nieczynne. Zamkni\u0119ta redakcja w Warszawie. Na bazar w Pu\u0142tusku nie dotarli gospodarze ze swoimi produktami. Nieczynna poczta, wi\u0119kszo\u015b\u0107 sklep\u00f3w. Nawet niekt\u00f3re restauracje maj\u0105 k\u0142\u00f3dki na drzwiach.<br \/>\nAle za to jest wiosna. U nas ciep\u0142o i s\u0142onecznie. Mo\u017cna siedzie\u0107 na dworze i wspomina\u0107 jak to si\u0119 cz\u0142ek w\u0142\u00f3czy\u0142 po \u015bwiecie. I to po to, by w ko\u0144cu stwierdzi\u0107, \u017ce na w\u0142asnej werandzie i pod w\u0142asnymi sosnami jest mu najprzyjemniej i najsmaczniej. Bo to i drzewa &#8211; dzi\u015b wielkie wr\u0119cz niebosi\u0119\u017cne\u00a0&#8211; sadzili\u015bmy w\u0142asnymi r\u0119kami i potrawy pachn\u0105ce na talerzach te\u017c &#8222;tymi r\u0119cami&#8221; (tylko po dok\u0142adnym ich umyciu).<br \/>\nNo to jak wszyscy zabrali si\u0119 za odpoczynek i leniuchowanie to i u mnie b\u0119dzie &#8222;zaparte&#8221;. A ch\u0119tni do pogaduszek mog\u0105 sobie popatrze\u0107 na zdj\u0119cia.<br \/>\nDo zobaczenia w poniedzia\u0142ek. Roboczy!<\/p>\n<p><a href=\"\/wp-content\/uploads\/2012\/04\/La-Peniche-noc\u0105-P7230088.jpg\"><img loading=\"lazy\" decoding=\"async\" class=\"aligncenter size-medium wp-image-4466\" title=\"OLYMPUS DIGITAL CAMERA\" src=\"\/wp-content\/uploads\/2012\/04\/La-Peniche-noc\u0105-P7230088-300x225.jpg\" alt=\"\" width=\"300\" height=\"225\" srcset=\"\/adamczewski\/wp-content\/uploads\/2012\/04\/La-Peniche-noc\u0105-P7230088-300x225.jpg 300w, \/adamczewski\/wp-content\/uploads\/2012\/04\/La-Peniche-noc\u0105-P7230088.jpg 640w\" sizes=\"(max-width: 300px) 100vw, 300px\" \/><\/a><\/p>\n<p><em>Moja ulubiona knajpka\u00a0\u00a0\u00a0pod Carrar\u0105\u00a0mieszcz\u0105ca si\u0119\u00a0na\u00a0 barce &#8211; st\u0105d te\u017c jej nazwa<\/em><\/p>\n<p><a href=\"\/wp-content\/uploads\/2012\/04\/Za-ko\u0142em-polarnym-u-Sam\u00f3w.jpg\"><img loading=\"lazy\" decoding=\"async\" class=\"aligncenter size-medium wp-image-4467\" title=\"OLYMPUS DIGITAL CAMERA\" src=\"\/wp-content\/uploads\/2012\/04\/Za-ko\u0142em-polarnym-u-Sam\u00f3w-300x225.jpg\" alt=\"\" width=\"300\" height=\"225\" srcset=\"\/adamczewski\/wp-content\/uploads\/2012\/04\/Za-ko\u0142em-polarnym-u-Sam\u00f3w-300x225.jpg 300w, \/adamczewski\/wp-content\/uploads\/2012\/04\/Za-ko\u0142em-polarnym-u-Sam\u00f3w.jpg 640w\" sizes=\"(max-width: 300px) 100vw, 300px\" \/><\/a><\/p>\n<p><em>A to dla odmiany obiad za ko\u0142em polarnym w namiocie Sam\u00f3w <\/em><\/p>\n<p><a href=\"\/wp-content\/uploads\/2012\/04\/Zi-Fiore.jpg\"><img loading=\"lazy\" decoding=\"async\" class=\"aligncenter size-medium wp-image-4468\" title=\"OLYMPUS DIGITAL CAMERA\" src=\"\/wp-content\/uploads\/2012\/04\/Zi-Fiore-300x225.jpg\" alt=\"\" width=\"300\" height=\"225\" srcset=\"\/adamczewski\/wp-content\/uploads\/2012\/04\/Zi-Fiore-300x225.jpg 300w, \/adamczewski\/wp-content\/uploads\/2012\/04\/Zi-Fiore.jpg 640w\" sizes=\"(max-width: 300px) 100vw, 300px\" \/><\/a><\/p>\n<p><em>Ju\u017c cieplej &#8211; to w\u0142a\u015bcicielka Zi Fiore w Paestum i jej za\u0142oga <\/em><\/p>\n<p><a href=\"\/wp-content\/uploads\/2012\/04\/Spaghetti-di-seppie.jpg\"><img loading=\"lazy\" decoding=\"async\" class=\"aligncenter size-medium wp-image-4469\" title=\"Spaghetti di seppie\" src=\"\/wp-content\/uploads\/2012\/04\/Spaghetti-di-seppie-300x225.jpg\" alt=\"\" width=\"300\" height=\"225\" srcset=\"\/adamczewski\/wp-content\/uploads\/2012\/04\/Spaghetti-di-seppie-300x225.jpg 300w, \/adamczewski\/wp-content\/uploads\/2012\/04\/Spaghetti-di-seppie.jpg 640w\" sizes=\"(max-width: 300px) 100vw, 300px\" \/><\/a><\/p>\n<p><em>A na stole spaghetti di seppie<\/em><\/p>\n<p><a href=\"\/wp-content\/uploads\/2012\/04\/Dom-deska-ser\u00f3w.jpg\"><img loading=\"lazy\" decoding=\"async\" class=\"aligncenter size-medium wp-image-4471\" title=\"OLYMPUS DIGITAL CAMERA\" src=\"\/wp-content\/uploads\/2012\/04\/Dom-deska-ser\u00f3w-300x225.jpg\" alt=\"\" width=\"300\" height=\"225\" srcset=\"\/adamczewski\/wp-content\/uploads\/2012\/04\/Dom-deska-ser\u00f3w-300x225.jpg 300w, \/adamczewski\/wp-content\/uploads\/2012\/04\/Dom-deska-ser\u00f3w.jpg 640w\" sizes=\"(max-width: 300px) 100vw, 300px\" \/><\/a><\/p>\n<p><em>Ale i tak najlepiej smakuje w domu pod sosnami!<\/em><\/p>\n","protected":false},"excerpt":{"rendered":"<p>Pocz\u0105tek maja a tu wszystko nieczynne. Zamkni\u0119ta redakcja w Warszawie. Na bazar w Pu\u0142tusku nie dotarli gospodarze ze swoimi produktami. Nieczynna poczta, wi\u0119kszo\u015b\u0107 sklep\u00f3w. Nawet niekt\u00f3re restauracje maj\u0105 k\u0142\u00f3dki na drzwiach. Ale za to jest wiosna. U nas ciep\u0142o i s\u0142onecznie. Mo\u017cna siedzie\u0107 na dworze i wspomina\u0107 jak to si\u0119 cz\u0142ek w\u0142\u00f3czy\u0142 po \u015bwiecie. I [&hellip;]<\/p>\n","protected":false},"author":2,"featured_media":0,"comment_status":"open","ping_status":"open","sticky":false,"template":"","format":"standard","meta":{"footnotes":""},"categories":[1],"tags":[],"_links":{"self":[{"href":"https:\/\/blog.polityka.pl\/adamczewski\/wp-json\/wp\/v2\/posts\/4465"}],"collection":[{"href":"https:\/\/blog.polityka.pl\/adamczewski\/wp-json\/wp\/v2\/posts"}],"about":[{"href":"https:\/\/blog.polityka.pl\/adamczewski\/wp-json\/wp\/v2\/types\/post"}],"author":[{"embeddable":true,"href":"https:\/\/blog.polityka.pl\/adamczewski\/wp-json\/wp\/v2\/users\/2"}],"replies":[{"embeddable":true,"href":"https:\/\/blog.polityka.pl\/adamczewski\/wp-json\/wp\/v2\/comments?post=4465"}],"version-history":[{"count":5,"href":"https:\/\/blog.polityka.pl\/adamczewski\/wp-json\/wp\/v2\/posts\/4465\/revisions"}],"predecessor-version":[{"id":4474,"href":"https:\/\/blog.polityka.pl\/adamczewski\/wp-json\/wp\/v2\/posts\/4465\/revisions\/4474"}],"wp:attachment":[{"href":"https:\/\/blog.polityka.pl\/adamczewski\/wp-json\/wp\/v2\/media?parent=4465"}],"wp:term":[{"taxonomy":"category","embeddable":true,"href":"https:\/\/blog.polityka.pl\/adamczewski\/wp-json\/wp\/v2\/categories?post=4465"},{"taxonomy":"post_tag","embeddable":true,"href":"https:\/\/blog.polityka.pl\/adamczewski\/wp-json\/wp\/v2\/tags?post=4465"}],"curies":[{"name":"wp","href":"https:\/\/api.w.org\/{rel}","templated":true}]}}