
{"id":4494,"date":"2012-05-03T08:00:16","date_gmt":"2012-05-03T06:00:16","guid":{"rendered":"http:\/\/adamczewski.blog.polityka.pl\/?p=4494"},"modified":"2012-05-02T10:55:35","modified_gmt":"2012-05-02T08:55:35","slug":"duzo-czasu-duzo-gosci-troche-alkoholu","status":"publish","type":"post","link":"https:\/\/blog.polityka.pl\/adamczewski\/2012\/05\/03\/duzo-czasu-duzo-gosci-troche-alkoholu\/","title":{"rendered":"Du\u017co czasu, du\u017co go\u015bci, troch\u0119 alkoholu"},"content":{"rendered":"<p>\u00a0<a href=\"\/wp-content\/uploads\/2012\/05\/Baileys-z-garnish-z-pianek.jpg\"><img loading=\"lazy\" decoding=\"async\" class=\"alignright size-medium wp-image-4496\" title=\"Baileys z garnish z pianek\" src=\"\/wp-content\/uploads\/2012\/05\/Baileys-z-garnish-z-pianek-192x300.jpg\" alt=\"\" width=\"192\" height=\"300\" srcset=\"\/adamczewski\/wp-content\/uploads\/2012\/05\/Baileys-z-garnish-z-pianek-192x300.jpg 192w, \/adamczewski\/wp-content\/uploads\/2012\/05\/Baileys-z-garnish-z-pianek.jpg 308w\" sizes=\"(max-width: 192px) 100vw, 192px\" \/><\/a><\/p>\n<p>Wi\u0119kszo\u015b\u0107 znajomych i przyjaci\u00f3\u0142 jest ju\u017c na wsi. Nasza gmina ma w\u015br\u00f3d mieszka\u0144c\u00f3w wi\u0119cej mieszczuch\u00f3w\u00a0 ni\u017c prawdziwych rolnik\u00f3w. A taka pogoda i nieczynne redakcje, uczelnie, biura i ministerstwa powoduj\u0105, \u017ce ruch na wiejskich drogach przypomina skrzy\u017cowanie Marsza\u0142kowskiej z Alejami. Na szcz\u0119\u015bcie nasz dom stoi na uboczu, w male\u0144kiej wiosce, na skraju Puszczy i \u0142\u0105k, dzi\u0119ki czemu \u015bmigaj\u0105cych aut jest niewiele.<br \/>\nPierwszy d\u0142u\u017cszy pobyt na wsi musi zaowocowa\u0107 wzmo\u017conym \u017cyciem towarzyskim. Ma\u0142o kto bowiem w czasie tzw. maj\u00f3wki planuje prac\u0119. B\u0119dzie jeszcze sporo czasu na pisanie ksi\u0105\u017cek, malowanie obraz\u00f3w i uczenie si\u0119 nowych r\u00f3l. Tak si\u0119 bowiem z\u0142o\u017cy\u0142o, \u017ce w naszej gminie osiedli\u0142a si\u0119 te\u017c spora grupa artyst\u00f3w uprawiaj\u0105cych wszystkie\u00a0 niemal dziedziny sztuki. Teraz jednak, na pocz\u0105tku sezonu, b\u0119dziemy si\u0119 go\u015bci\u0107 nawzajem. Trzeba wi\u0119c przygotowa\u0107 nowe dania i nowe trunki.<br \/>\nOstatnio za\u015b moje zasoby wzbogaci\u0142y si\u0119 o kilka r\u00f3\u017cnych p\u0142yn\u00f3w dot\u0105d mi nieznanych b\u0105d\u017a znanych zaledwie ze s\u0142yszenia. Nigdy dot\u0105d np. nie kosztowa\u0142em likieru Baileys. Wydawa\u0142 mi si\u0119 nadto s\u0142odki. Ale do butelki by\u0142y do\u0142\u0105czone przepisy na r\u00f3\u017cne letnie desery. Wyda\u0142y mi si\u0119 niez\u0142e. Zrobili\u015bmy na pocz\u0105tek tiramisu z truskawkami i likierem. Kr\u00f3liki do\u015bwiadczalne czyli s\u0105siedzi, by\u0142y tym zachwycone. Teraz ilo\u015b\u0107 nowych przepis\u00f3w podwoi\u0142a si\u0119 dzi\u0119ki pokazowi czy raczej warsztatom kulinarnym, kt\u00f3re mia\u0142y miejsce w sto\u0142ecznej restauracji (opisywa\u0142em j\u0105 tu przed jakim\u015b czasem) &#8222;Tamka 43&#8221;. Has\u0142em warsztat\u00f3w by\u0142o por\u00f3wnanie likieru do wsp\u00f3\u0142czesnej kobiety.<br \/>\nA jaka jest wsp\u00f3\u0142czesna kobieta? Z jednej strony od \u017cycia oczekuje satysfakcji i poczucia spe\u0142nienia, z drugiej za\u015b chce, by j\u0105 czym\u015b zaskoczy\u0142o. Chce \u017cy\u0107 pe\u0142ni\u0105 \u017cycia i smakowa\u0107 je wszystkimi zmys\u0142ami. W otaczaj\u0105cym \u015bwiecie szuka inspiracji, ale chce go tak\u017ce sama inspirowa\u0107. Taka jest dzisiejsza kobieta, taki te\u017c jest Baileys, kt\u00f3ry w\u0142a\u015bnie odkrywa swoje nowe, zmys\u0142owe i bardzo kobiece oblicze.<\/p>\n<p>&#8211; Baileys by\u0142 znany dot\u0105d przede wszystkim ze swojego kremowego smaku. Dzi\u015b, wraz ze zmieniaj\u0105cymi si\u0119 potrzebami wsp\u00f3\u0142czesnej konsumentki, staje si\u0119 bardziej wyrazisty i zaskakuj\u0105cy. Zachowuje sw\u00f3j aksamitny charakter, jednak\u00a0&#8211; tak jak prawdziwa kobieta\u00a0&#8211; zaskakuje nut\u0105 pikanterii i odrobin\u0105 szale\u0144stwa. Jest odpowiedzi\u0105 na oczekiwania kobiet, kt\u00f3re wymagaj\u0105 od siebie i \u017cycia wi\u0119cej ni\u017c kiedykolwiek wcze\u015bniej &#8211;\u00a0twierdzi\u0142a Agnieszka Lewandowska, Brand Manager marki Baileys.<\/p>\n<p>\u00a0&#8211; Wsp\u00f3\u0142czesna kobieta jest nie tylko \u015bwiadoma swoich potrzeb, ale te\u017c akceptuje siebie tak\u0105, jak\u0105 jest &#8211;\u00a0 og\u0142osi\u0142a Betty Q, tancerka i performerka, kt\u00f3ra prowadzi\u0142a imprez\u0119. Betty przeistoczy\u0142a si\u0119 na scenie z nieco staromodnej, lecz nobliwej damy, we wsp\u00f3\u0142czesn\u0105, pe\u0142n\u0105 energii, przebojow\u0105 i zmys\u0142ow\u0105 kobiet\u0119. &#8211; Baileys doskonale oddaje natur\u0119 kobiet, dlatego jest przez nie tak uwielbiany. Po\u0142\u0105czenie delikatnego smaku likieru z mocniejszym akcentem whiskey doskonale odzwierciedla r\u00f3\u017cnorodno\u015b\u0107 oblicza wsp\u00f3\u0142czesnej kobiety &#8211; \u00a0sugerowa\u0142a publiczno\u015bci Betty.<br \/>\nMniej poetycki by\u0142 i mniej kwiecisty w wypowiedziach by\u0142 szef &#8222;Tamki 43&#8221; : &#8211; Baileys wystarczy poda\u0107 w szklance na kostkach lodu, ozdabiaj\u0105c go np. jadalnymi kwiatami. To bardzo ciekawy, oryginalny i nowoczesny spos\u00f3b na wzbogacenie koktajlu, deseru czy sa\u0142atki. Dzi\u0119ki nim podstawowy i niepozorny serve Baileys na lodzie zyskuje zupe\u0142nie now\u0105 posta\u0107: smakow\u0105 i wizualn\u0105 &#8211;\u00a0stwierdzi\u0142 Robert Trz\u00f3pek.<\/p>\n<p><a href=\"\/wp-content\/uploads\/2012\/05\/Absynt-i-\u0142y\u017ceczka-P20600051.jpg\"><img loading=\"lazy\" decoding=\"async\" class=\"aligncenter size-medium wp-image-4499\" title=\"OLYMPUS DIGITAL CAMERA\" src=\"\/wp-content\/uploads\/2012\/05\/Absynt-i-\u0142y\u017ceczka-P20600051-225x300.jpg\" alt=\"\" width=\"225\" height=\"300\" srcset=\"\/adamczewski\/wp-content\/uploads\/2012\/05\/Absynt-i-\u0142y\u017ceczka-P20600051-225x300.jpg 225w, \/adamczewski\/wp-content\/uploads\/2012\/05\/Absynt-i-\u0142y\u017ceczka-P20600051.jpg 360w\" sizes=\"(max-width: 225px) 100vw, 225px\" \/><\/a><a href=\"\/wp-content\/uploads\/2012\/05\/Absynt-i-\u0142y\u017ceczka-P2060005.jpg\"><\/a><\/p>\n<p><a href=\"\/wp-content\/uploads\/2012\/05\/Jim-Beam-z-wi\u015bni\u01052.jpg\"><img loading=\"lazy\" decoding=\"async\" class=\"alignright size-medium wp-image-4502\" title=\"Jim Beam z wi\u015bni\u0105\" src=\"\/wp-content\/uploads\/2012\/05\/Jim-Beam-z-wi\u015bni\u01052-90x300.jpg\" alt=\"\" width=\"90\" height=\"300\" \/><\/a><br \/>\n<a href=\"\/wp-content\/uploads\/2012\/05\/Absynt-i-\u0142y\u017ceczka-P2060005.jpg\"><\/a>Dla go\u015bci podzielaj\u0105cych moj\u0105 wstrzemi\u0119\u017aliwo\u015b\u0107 wobec s\u0142odkich trunk\u00f3w mam co\u015b innego. Te\u017c jak s\u0105dz\u0119 oryginalnego. Mam bowiem butelk\u0119 prawdziwego absyntu (i dok\u0142adn\u0105 instrukcj\u0119 jak go podawa\u0107) oraz bardzo oryginalnego Burbona: Jim Beam z dodatkiem smaku naturalnej wi\u015bni. Sam jestem bardzo ciekawy jak to si\u0119 przyjmie na Kurpiach.<\/p>\n<p><a href=\"\/wp-content\/uploads\/2012\/05\/Jim-Beam-z-wi\u015bni\u0105.jpg\"><\/a><a href=\"\/wp-content\/uploads\/2012\/05\/Jim-Beam-z-wi\u015bni\u01051.jpg\"><\/a><\/p>\n<p><a href=\"\/wp-content\/uploads\/2012\/05\/Owocowy-nap\u00f3j.jpg\"><img loading=\"lazy\" decoding=\"async\" class=\"alignleft size-medium wp-image-4503\" title=\"OLYMPUS DIGITAL CAMERA\" src=\"\/wp-content\/uploads\/2012\/05\/Owocowy-nap\u00f3j-225x300.jpg\" alt=\"\" width=\"225\" height=\"300\" \/><\/a><\/p>\n<p>Dla och\u0142ody za\u015b kilka puszek napoj\u00f3w owocowych wzmacnianych odrobin\u0105 czystej w\u00f3dki zza Ba\u0142tyku. Ale bez obaw wszystko to b\u0119dzie podawane w stosownych, niewielkich dawkach. Go\u015bcie nie wystrasz\u0105 ani \u017curawi, ani dzik\u00f3w, kt\u00f3re bardzo si\u0119 rozmno\u017cy\u0142y i porobi\u0142y wr\u0119cz namolne (mimo, \u017ce ich nie dokarmiam).<\/p>\n<p><a href=\"\/wp-content\/uploads\/2012\/05\/Owocowy-nap\u00f3j.jpg\"><\/a><\/p>\n","protected":false},"excerpt":{"rendered":"<p>\u00a0 Wi\u0119kszo\u015b\u0107 znajomych i przyjaci\u00f3\u0142 jest ju\u017c na wsi. Nasza gmina ma w\u015br\u00f3d mieszka\u0144c\u00f3w wi\u0119cej mieszczuch\u00f3w\u00a0 ni\u017c prawdziwych rolnik\u00f3w. A taka pogoda i nieczynne redakcje, uczelnie, biura i ministerstwa powoduj\u0105, \u017ce ruch na wiejskich drogach przypomina skrzy\u017cowanie Marsza\u0142kowskiej z Alejami. Na szcz\u0119\u015bcie nasz dom stoi na uboczu, w male\u0144kiej wiosce, na skraju Puszczy i \u0142\u0105k, [&hellip;]<\/p>\n","protected":false},"author":2,"featured_media":0,"comment_status":"open","ping_status":"open","sticky":false,"template":"","format":"standard","meta":{"footnotes":""},"categories":[1],"tags":[],"_links":{"self":[{"href":"https:\/\/blog.polityka.pl\/adamczewski\/wp-json\/wp\/v2\/posts\/4494"}],"collection":[{"href":"https:\/\/blog.polityka.pl\/adamczewski\/wp-json\/wp\/v2\/posts"}],"about":[{"href":"https:\/\/blog.polityka.pl\/adamczewski\/wp-json\/wp\/v2\/types\/post"}],"author":[{"embeddable":true,"href":"https:\/\/blog.polityka.pl\/adamczewski\/wp-json\/wp\/v2\/users\/2"}],"replies":[{"embeddable":true,"href":"https:\/\/blog.polityka.pl\/adamczewski\/wp-json\/wp\/v2\/comments?post=4494"}],"version-history":[{"count":6,"href":"https:\/\/blog.polityka.pl\/adamczewski\/wp-json\/wp\/v2\/posts\/4494\/revisions"}],"predecessor-version":[{"id":4522,"href":"https:\/\/blog.polityka.pl\/adamczewski\/wp-json\/wp\/v2\/posts\/4494\/revisions\/4522"}],"wp:attachment":[{"href":"https:\/\/blog.polityka.pl\/adamczewski\/wp-json\/wp\/v2\/media?parent=4494"}],"wp:term":[{"taxonomy":"category","embeddable":true,"href":"https:\/\/blog.polityka.pl\/adamczewski\/wp-json\/wp\/v2\/categories?post=4494"},{"taxonomy":"post_tag","embeddable":true,"href":"https:\/\/blog.polityka.pl\/adamczewski\/wp-json\/wp\/v2\/tags?post=4494"}],"curies":[{"name":"wp","href":"https:\/\/api.w.org\/{rel}","templated":true}]}}