
{"id":452,"date":"2008-03-19T07:00:43","date_gmt":"2008-03-19T06:00:43","guid":{"rendered":"http:\/\/adamczewski.blog.polityka.pl\/?p=452"},"modified":"2008-03-19T07:41:38","modified_gmt":"2008-03-19T06:41:38","slug":"zgadnij-co-gotujemy82","status":"publish","type":"post","link":"https:\/\/blog.polityka.pl\/adamczewski\/2008\/03\/19\/zgadnij-co-gotujemy82\/","title":{"rendered":"Zgadnij co gotujemy?(82)"},"content":{"rendered":"<p>Znowu wszyscy musimy wysili\u0107 m\u00f3zgownice. Ja &#8211; by wykombinowa\u0107 ciekawe pytania, Wy &#8211; by na nie odpowiedzie\u0107 i wygra\u0107 kt\u00f3r\u0105\u015b z ksi\u0105\u017cek z mojej szafy. Tym razem b\u0119dzie to moja ksi\u0105\u017cka zatytu\u0142owana &#8222;Smakosz w\u0119drowny&#8221;, a wydana przez oficyn\u0119 Pr\u00f3szy\u0144ski i S-ka. Jest to (g\u0142\u00f3wnie) rezultat moich w\u0119dr\u00f3wek reporterskich po \u015bwiecie. Nadaje si\u0119 wi\u0119c na nagrod\u0119 w quizie dotycz\u0105cym (co oczywiste w tym tygodniu) kuchni hiszpa\u0144skiej.<\/p>\n<p>No to do roboty.<br \/>\n1. Wyspa Palmar le\u017c\u0105ca na bagnistych rozlewiskach Walencji jest miejscem narodzin potrawy ubogich ch\u0142op\u00f3w, kt\u00f3ra podbi\u0142a swym smakiem \u015bwiat, jakie to danie?<\/p>\n<p>2. Tapas, s\u0142ynne ma\u0142e przek\u0105ski wywodz\u0105ce si\u0119 z Andaluzji a wymy\u015blone za czas\u00f3w kr\u00f3la Alfonsa X, sw\u0105 nazw\u0119 wywodz\u0105 od talerzyka &#8222;tapa&#8221;  na kt\u00f3rym s\u0105 podawane; do czego s\u0142u\u017cy\u0142 pierwotnie ten talerzyk ?<\/p>\n<p>3. Co to za produkty: ydiarzabal,  tetilia, picon, cabrales?<\/p>\n<p>Kto najszybciej i do tego prawid\u0142owo odpowie na wszystkie trzy pytania wzbogaci swoj\u0105 kulinarn\u0105 biblioteczk\u0119 o kolejn\u0105 ksi\u0105\u017ck\u0119 z dedykacj\u0105 i autografem autora oraz przedostatnia ju\u017c koszulk\u0119 &#8222;Polityki&#8221;. Czekam na odpowiedzi pod adresem:  internet@polityka.com.pl<\/p>\n","protected":false},"excerpt":{"rendered":"<p>Znowu wszyscy musimy wysili\u0107 m\u00f3zgownice. Ja &#8211; by wykombinowa\u0107 ciekawe pytania, Wy &#8211; by na nie odpowiedzie\u0107 i wygra\u0107 kt\u00f3r\u0105\u015b z ksi\u0105\u017cek z mojej szafy. Tym razem b\u0119dzie to moja ksi\u0105\u017cka zatytu\u0142owana &#8222;Smakosz w\u0119drowny&#8221;, a wydana przez oficyn\u0119 Pr\u00f3szy\u0144ski i S-ka. Jest to (g\u0142\u00f3wnie) rezultat moich w\u0119dr\u00f3wek reporterskich po \u015bwiecie. Nadaje si\u0119 wi\u0119c na nagrod\u0119 [&hellip;]<\/p>\n","protected":false},"author":2,"featured_media":0,"comment_status":"open","ping_status":"open","sticky":false,"template":"","format":"standard","meta":{"footnotes":""},"categories":[1],"tags":[],"_links":{"self":[{"href":"https:\/\/blog.polityka.pl\/adamczewski\/wp-json\/wp\/v2\/posts\/452"}],"collection":[{"href":"https:\/\/blog.polityka.pl\/adamczewski\/wp-json\/wp\/v2\/posts"}],"about":[{"href":"https:\/\/blog.polityka.pl\/adamczewski\/wp-json\/wp\/v2\/types\/post"}],"author":[{"embeddable":true,"href":"https:\/\/blog.polityka.pl\/adamczewski\/wp-json\/wp\/v2\/users\/2"}],"replies":[{"embeddable":true,"href":"https:\/\/blog.polityka.pl\/adamczewski\/wp-json\/wp\/v2\/comments?post=452"}],"version-history":[{"count":0,"href":"https:\/\/blog.polityka.pl\/adamczewski\/wp-json\/wp\/v2\/posts\/452\/revisions"}],"wp:attachment":[{"href":"https:\/\/blog.polityka.pl\/adamczewski\/wp-json\/wp\/v2\/media?parent=452"}],"wp:term":[{"taxonomy":"category","embeddable":true,"href":"https:\/\/blog.polityka.pl\/adamczewski\/wp-json\/wp\/v2\/categories?post=452"},{"taxonomy":"post_tag","embeddable":true,"href":"https:\/\/blog.polityka.pl\/adamczewski\/wp-json\/wp\/v2\/tags?post=452"}],"curies":[{"name":"wp","href":"https:\/\/api.w.org\/{rel}","templated":true}]}}