
{"id":4526,"date":"2012-05-10T08:00:10","date_gmt":"2012-05-10T06:00:10","guid":{"rendered":"http:\/\/adamczewski.blog.polityka.pl\/?p=4526"},"modified":"2012-05-07T15:57:40","modified_gmt":"2012-05-07T13:57:40","slug":"dusza-tez-lubi-ucztowac","status":"publish","type":"post","link":"https:\/\/blog.polityka.pl\/adamczewski\/2012\/05\/10\/dusza-tez-lubi-ucztowac\/","title":{"rendered":"Dusza te\u017c lubi ucztowa\u0107"},"content":{"rendered":"<p>\u00a0<a href=\"\/wp-content\/uploads\/2012\/05\/Mnisi2.jpg\"><img loading=\"lazy\" decoding=\"async\" class=\"aligncenter size-medium wp-image-4529\" title=\"Mnisi2\" src=\"\/wp-content\/uploads\/2012\/05\/Mnisi2-300x225.jpg\" alt=\"\" width=\"300\" height=\"225\" srcset=\"\/adamczewski\/wp-content\/uploads\/2012\/05\/Mnisi2-300x225.jpg 300w, \/adamczewski\/wp-content\/uploads\/2012\/05\/Mnisi2.jpg 640w\" sizes=\"(max-width: 300px) 100vw, 300px\" \/><\/a><\/p>\n<p>Ksi\u0105\u017cka Erica Weinera to jedna z najciekawszych moich lektur ostatnich miesi\u0119cy. Autor jest nie tylko mistrzem ironii i lapidarno\u015bci ale tak\u017ce cz\u0142owiekiem g\u0142\u0119boko my\u015bl\u0105cym i potrafi\u0105cym zadawa\u0107 dr\u0105\u017c\u0105ce pytania. G\u0142\u00f3wnie sobie ale i swoim czytelnikom.. A ci musz\u0105 stara\u0107 si\u0119, tak\u017ce dzi\u0119ki lekturze, znale\u017a\u0107 na nie odpowiedzi.<br \/>\nAutor twierdzi, \u017ce &#8222;skoro mo\u017cemy wybra\u0107 przyw\u00f3dc\u00f3w, taryf\u0119 telefonii kom\u00f3rkowej i past\u0119 do z\u0119b\u00f3w czemu nie mieliby\u015bmy wybra\u0107 sobie Boga?&#8221;. My\u015bl ta nasz\u0142a Weinera podczas pobytu w szpitalu a podsun\u0119\u0142a mu j\u0105 piel\u0119gniarka, kt\u00f3rej s\u0142owa odczyta\u0142 jako zbli\u017caj\u0105cy si\u0119 nieuchronnie w\u0142asny koniec. Gdy okaza\u0142o si\u0119, \u017ce to nie rak ani inna \u015bmiertelna choroba przyku\u0142a go do szpitalnego \u0142\u00f3\u017cka lecz zwyk\u0142a pospolita kolka, Weiner postanowi\u0142 przeprowadzi\u0107 dog\u0142\u0119bne badania najwi\u0119kszych lub po prostu dost\u0119pnych praktykowanych na \u015bwiecie religii. I tak jak w poszukiwaniu szcz\u0119\u015bcia (&#8222;Geografia szcz\u0119\u015bcia&#8221; te\u017c by\u0142a tu recenzowana oraz polecana) uda\u0142 si\u0119 w reportersk\u0105 podr\u00f3\u017c. Jego w\u0119dr\u00f3wka przez \u015bwiat kult\u00f3w religijnych obj\u0119\u0142a buddyzm, sufizm czyli od\u0142am islamu, katolicyzm w jego franciszka\u0144skiej postaci, taoizm, szamanizm, realianizm (wiara w UFO i kosmit\u00f3w), judaizm wreszcie czyli kaba\u0142\u0119.<br \/>\nKa\u017cda pr\u00f3ba trwa\u0142a przez wiele dni a czasem nawet tygodni. Za ka\u017cdym razem autor stara\u0142 si\u0119 zrozumie\u0107 ludzi, kt\u00f3rzy swoje wyznanie traktuj\u0105 jako kontakt z Bogiem, dzi\u0119ki kt\u00f3remu staj\u0105 si\u0119 szlachetniejsi i bardziej po\u017cyteczni dla \u015bwiata oraz bli\u017anich. I wprawdzie\u00a0&#8211; jak s\u0105dz\u0119 po zako\u0144czeniu lektury\u00a0&#8211; nie znalaz\u0142 sympatycznego Boga, z kt\u00f3rym chcia\u0142by zawrze\u0107 kontrakt na sta\u0142e, to zaprezentowa\u0142 w niezwykle atrakcyjny spos\u00f3b szeroka palet\u0119 religii, o kt\u00f3rych ka\u017cdy inteligentny cz\u0142owiek powinien wiedzie\u0107 cho\u0107by w\u0142a\u015bnie tyle ile Weiner nam opowiada. Ksi\u0105\u017cka Erica Weinera &#8222;Poznam sympatycznego Boga&#8221; ( wydana przez oficyn\u0119 Carta Blanca) winna by\u0107 lektur\u0105 obowi\u0105zkow\u0105 wszystkich katechet\u00f3w, by mogli t\u0119 wiedz\u0119 w pigu\u0142ce przekaza\u0107 uczniom, nie ograniczaj\u0105c si\u0119 wy\u0142\u0105cznie do katechezy.<br \/>\nZach\u0119cam do si\u0119gni\u0119cia po t\u0119 ksi\u0105\u017ck\u0119. Smakoszy tak\u017ce, cho\u0107 jedzenie w relacji Weinera jest zaledwie drugim lub trzecim t\u0142em. Ale wa\u017cnym o tyle, i\u017c sam autor lubi dobrze zje\u015b\u0107. Popijaj\u0105c rzecz jasna dania dobrym winem.<\/p>\n","protected":false},"excerpt":{"rendered":"<p>\u00a0 Ksi\u0105\u017cka Erica Weinera to jedna z najciekawszych moich lektur ostatnich miesi\u0119cy. Autor jest nie tylko mistrzem ironii i lapidarno\u015bci ale tak\u017ce cz\u0142owiekiem g\u0142\u0119boko my\u015bl\u0105cym i potrafi\u0105cym zadawa\u0107 dr\u0105\u017c\u0105ce pytania. G\u0142\u00f3wnie sobie ale i swoim czytelnikom.. A ci musz\u0105 stara\u0107 si\u0119, tak\u017ce dzi\u0119ki lekturze, znale\u017a\u0107 na nie odpowiedzi. Autor twierdzi, \u017ce &#8222;skoro mo\u017cemy wybra\u0107 przyw\u00f3dc\u00f3w, [&hellip;]<\/p>\n","protected":false},"author":2,"featured_media":0,"comment_status":"open","ping_status":"open","sticky":false,"template":"","format":"standard","meta":{"footnotes":""},"categories":[1],"tags":[],"_links":{"self":[{"href":"https:\/\/blog.polityka.pl\/adamczewski\/wp-json\/wp\/v2\/posts\/4526"}],"collection":[{"href":"https:\/\/blog.polityka.pl\/adamczewski\/wp-json\/wp\/v2\/posts"}],"about":[{"href":"https:\/\/blog.polityka.pl\/adamczewski\/wp-json\/wp\/v2\/types\/post"}],"author":[{"embeddable":true,"href":"https:\/\/blog.polityka.pl\/adamczewski\/wp-json\/wp\/v2\/users\/2"}],"replies":[{"embeddable":true,"href":"https:\/\/blog.polityka.pl\/adamczewski\/wp-json\/wp\/v2\/comments?post=4526"}],"version-history":[{"count":4,"href":"https:\/\/blog.polityka.pl\/adamczewski\/wp-json\/wp\/v2\/posts\/4526\/revisions"}],"predecessor-version":[{"id":4528,"href":"https:\/\/blog.polityka.pl\/adamczewski\/wp-json\/wp\/v2\/posts\/4526\/revisions\/4528"}],"wp:attachment":[{"href":"https:\/\/blog.polityka.pl\/adamczewski\/wp-json\/wp\/v2\/media?parent=4526"}],"wp:term":[{"taxonomy":"category","embeddable":true,"href":"https:\/\/blog.polityka.pl\/adamczewski\/wp-json\/wp\/v2\/categories?post=4526"},{"taxonomy":"post_tag","embeddable":true,"href":"https:\/\/blog.polityka.pl\/adamczewski\/wp-json\/wp\/v2\/tags?post=4526"}],"curies":[{"name":"wp","href":"https:\/\/api.w.org\/{rel}","templated":true}]}}