
{"id":456,"date":"2008-03-26T07:00:37","date_gmt":"2008-03-26T06:00:37","guid":{"rendered":"http:\/\/adamczewski.blog.polityka.pl\/?p=456"},"modified":"2008-03-26T07:47:00","modified_gmt":"2008-03-26T06:47:00","slug":"zgadnij-co-gotujemy83","status":"publish","type":"post","link":"https:\/\/blog.polityka.pl\/adamczewski\/2008\/03\/26\/zgadnij-co-gotujemy83\/","title":{"rendered":"Zgadnij co gotujemy?(83)"},"content":{"rendered":"<p>Ju\u017c po \u015bwi\u0119tach i pewn\u0105 rado\u015b\u0107 z faktu, \u017ce zako\u0144czy\u0142 si\u0119 czas ob\u017carstwa wyrazi\u0142em wczoraj. Poniewa\u017c wszyscy dawali\u015bcie zna\u0107, \u017ce w Wielkanoc nie oszcz\u0119dzacie si\u0119 przy stole to my\u015bl\u0119, \u017ce temat rybny mo\u017cna przed\u0142u\u017cy\u0107 i na dzisiejszy quiz. Zw\u0142aszcza, \u017ce za wyrzeczenie si\u0119 mi\u0119sa b\u0119dzie nagroda. Mam nadziej\u0119, \u017ce godna. Tym razem to ksi\u0105\u017cka, kt\u00f3r\u0105 Basia ocali\u0142a od zapomnienia, przeredagowa\u0142a, opracowa\u0142a na nowo dodaj\u0105c obszerny wst\u0119p i ostatni rozdzia\u0142 nawi\u0105zuj\u0105cy do dnia dzisiejszego. To &#8222;Kuchnia \u017cydowska wg. Rebeki Wolff&#8221;. Aby ksi\u0105\u017ck\u0119 opatrzon\u0105 dedykacj\u0105 i autografem otrzyma\u0107 trzeba odpowiedzie\u0107 na trzy pytania (bezb\u0142\u0119dnie oczywi\u015bcie) i spiesznie wys\u0142a\u0107 list na adres:  internet@polityka.com.pl<\/p>\n<p>A oto pytania:<\/p>\n<p>1.  Czym si\u0119 r\u00f3\u017cni zewn\u0119trznie homar od langusty?<br \/>\n2. Co \u0142\u0105czy sol\u0119 z turbotem i fl\u0105dr\u0105?<br \/>\n3. W\u0105t\u0142usz to staropolska nazwa znanej i dzi\u015b ryby pod innym imieniem, a jakim?<\/p>\n<p>Ju\u017c siadajcie do klawiatury. Czekam na listy i wzywam pos\u0142a\u0144ca po odbi\u00f3r paczki. Powodzenia!<\/p>\n","protected":false},"excerpt":{"rendered":"<p>Ju\u017c po \u015bwi\u0119tach i pewn\u0105 rado\u015b\u0107 z faktu, \u017ce zako\u0144czy\u0142 si\u0119 czas ob\u017carstwa wyrazi\u0142em wczoraj. Poniewa\u017c wszyscy dawali\u015bcie zna\u0107, \u017ce w Wielkanoc nie oszcz\u0119dzacie si\u0119 przy stole to my\u015bl\u0119, \u017ce temat rybny mo\u017cna przed\u0142u\u017cy\u0107 i na dzisiejszy quiz. Zw\u0142aszcza, \u017ce za wyrzeczenie si\u0119 mi\u0119sa b\u0119dzie nagroda. Mam nadziej\u0119, \u017ce godna. Tym razem to ksi\u0105\u017cka, kt\u00f3r\u0105 [&hellip;]<\/p>\n","protected":false},"author":2,"featured_media":0,"comment_status":"open","ping_status":"open","sticky":false,"template":"","format":"standard","meta":{"footnotes":""},"categories":[1],"tags":[],"_links":{"self":[{"href":"https:\/\/blog.polityka.pl\/adamczewski\/wp-json\/wp\/v2\/posts\/456"}],"collection":[{"href":"https:\/\/blog.polityka.pl\/adamczewski\/wp-json\/wp\/v2\/posts"}],"about":[{"href":"https:\/\/blog.polityka.pl\/adamczewski\/wp-json\/wp\/v2\/types\/post"}],"author":[{"embeddable":true,"href":"https:\/\/blog.polityka.pl\/adamczewski\/wp-json\/wp\/v2\/users\/2"}],"replies":[{"embeddable":true,"href":"https:\/\/blog.polityka.pl\/adamczewski\/wp-json\/wp\/v2\/comments?post=456"}],"version-history":[{"count":0,"href":"https:\/\/blog.polityka.pl\/adamczewski\/wp-json\/wp\/v2\/posts\/456\/revisions"}],"wp:attachment":[{"href":"https:\/\/blog.polityka.pl\/adamczewski\/wp-json\/wp\/v2\/media?parent=456"}],"wp:term":[{"taxonomy":"category","embeddable":true,"href":"https:\/\/blog.polityka.pl\/adamczewski\/wp-json\/wp\/v2\/categories?post=456"},{"taxonomy":"post_tag","embeddable":true,"href":"https:\/\/blog.polityka.pl\/adamczewski\/wp-json\/wp\/v2\/tags?post=456"}],"curies":[{"name":"wp","href":"https:\/\/api.w.org\/{rel}","templated":true}]}}