
{"id":4598,"date":"2012-05-22T08:00:14","date_gmt":"2012-05-22T06:00:14","guid":{"rendered":"http:\/\/adamczewski.blog.polityka.pl\/?p=4598"},"modified":"2012-05-21T18:15:25","modified_gmt":"2012-05-21T16:15:25","slug":"wilga-to-klamczucha-na-szczescie","status":"publish","type":"post","link":"https:\/\/blog.polityka.pl\/adamczewski\/2012\/05\/22\/wilga-to-klamczucha-na-szczescie\/","title":{"rendered":"Wilga to k\u0142amczucha (na szcz\u0119\u015bcie!)"},"content":{"rendered":"<p><a href=\"\/wp-content\/uploads\/2012\/05\/Przygotowania.jpg\"><img loading=\"lazy\" decoding=\"async\" class=\"aligncenter size-medium wp-image-4603\" title=\"OLYMPUS DIGITAL CAMERA\" src=\"\/wp-content\/uploads\/2012\/05\/Przygotowania-300x225.jpg\" alt=\"\" width=\"300\" height=\"225\" srcset=\"\/adamczewski\/wp-content\/uploads\/2012\/05\/Przygotowania-300x225.jpg 300w, \/adamczewski\/wp-content\/uploads\/2012\/05\/Przygotowania.jpg 640w\" sizes=\"(max-width: 300px) 100vw, 300px\" \/><\/a><em>Przygotowania zako\u0144czon<\/em><em>e<br \/>\n<\/em><a href=\"\/wp-content\/uploads\/2012\/05\/Rododendron.jpg\"><img loading=\"lazy\" decoding=\"async\" class=\"aligncenter size-medium wp-image-4600\" title=\"OLYMPUS DIGITAL CAMERA\" src=\"\/wp-content\/uploads\/2012\/05\/Rododendron-300x225.jpg\" alt=\"\" width=\"300\" height=\"225\" srcset=\"\/adamczewski\/wp-content\/uploads\/2012\/05\/Rododendron-300x225.jpg 300w, \/adamczewski\/wp-content\/uploads\/2012\/05\/Rododendron.jpg 640w\" sizes=\"(max-width: 300px) 100vw, 300px\" \/><\/a><\/p>\n<p><em>Rododendron rozkwit\u0142 w sam\u0105 por\u0119<\/em><\/p>\n<p>Przez trzy dni poprzedzaj\u0105ce moje urodziny wilga \u015bpiewa\u0142a jak oszala\u0142a. W charakterystyczny gwizd tego jaskrawo- \u017c\u00f3\u0142tego ptaka zwiastuje deszcz. S\u0142ucha\u0142em wi\u0119c lekko (a potem nawet ci\u0119\u017cko) zdenerwowany \u015bpiewu wo\u0142aj\u0105cego &#8222;zofiiija, zofiiija&#8221;.<\/p>\n<p><img loading=\"lazy\" decoding=\"async\" class=\"aligncenter size-medium wp-image-4599\" title=\"OLYMPUS DIGITAL CAMERA\" src=\"\/wp-content\/uploads\/2012\/05\/Namiot-go\u015bcinny-300x225.jpg\" alt=\"\" width=\"300\" height=\"225\" srcset=\"\/adamczewski\/wp-content\/uploads\/2012\/05\/Namiot-go\u015bcinny-300x225.jpg 300w, \/adamczewski\/wp-content\/uploads\/2012\/05\/Namiot-go\u015bcinny.jpg 640w\" sizes=\"(max-width: 300px) 100vw, 300px\" \/><\/p>\n<p><em>Namiot bankietowy to zbawienie przy letnim przyj\u0119ciu w ogrodzie<\/em><\/p>\n<p>Na szcz\u0119\u015bcie okaza\u0142o si\u0119, \u017ce pi\u0119kne ptaki bywaj\u0105 k\u0142amczuchami. Wprawdzie sobotni poranek by\u0142 bardzo pochmurny ale bezdeszczowy. A czym bli\u017cej po\u0142udnia, tym wi\u0119cej s\u0142o\u0144ca wychyla\u0142o si\u0119 zza ob\u0142ok\u00f3w. Druga cz\u0119\u015b\u0107 dnia by\u0142a s\u0142oneczna i ciep\u0142a. Wspaniale!<\/p>\n<p><a href=\"\/wp-content\/uploads\/2012\/05\/Pierwsi-go\u015bcie-juz-s\u0105.jpg\"><em><img loading=\"lazy\" decoding=\"async\" class=\"aligncenter size-medium wp-image-4601\" title=\"OLYMPUS DIGITAL CAMERA\" src=\"\/wp-content\/uploads\/2012\/05\/Pierwsi-go\u015bcie-juz-s\u0105-300x225.jpg\" alt=\"\" width=\"300\" height=\"225\" srcset=\"\/adamczewski\/wp-content\/uploads\/2012\/05\/Pierwsi-go\u015bcie-juz-s\u0105-300x225.jpg 300w, \/adamczewski\/wp-content\/uploads\/2012\/05\/Pierwsi-go\u015bcie-juz-s\u0105.jpg 640w\" sizes=\"(max-width: 300px) 100vw, 300px\" \/><\/em><\/a><em>Pierwsi go\u015bcie ju\u017c s\u0105<br \/>\n<\/em>Przygotowania zako\u0144czyli\u015bmy zanim pojawili si\u0119 pierwsi go\u015bcie. Trunki wystawione, zimny bufet\u00a0 zape\u0142ni\u0142 ca\u0142y rz\u0105dek sto\u0142\u00f3w pod \u015bcian\u0105 namiotu, my zd\u0105\u017cyli\u015bmy wzi\u0105\u0107 prysznic i ubra\u0107 si\u0119 i dopiero w\u00f3wczas pojawi\u0142 si\u0119 pierwszy samoch\u00f3d z go\u015b\u0107mi.<\/p>\n<p><a href=\"\/wp-content\/uploads\/2012\/05\/S\u0105siedzi-od-kt\u00f3rych-t\u0119ziemi\u0119-kupi\u0142em.jpg\"><img loading=\"lazy\" decoding=\"async\" class=\"aligncenter size-medium wp-image-4604\" title=\"OLYMPUS DIGITAL CAMERA\" src=\"\/wp-content\/uploads\/2012\/05\/S\u0105siedzi-od-kt\u00f3rych-t\u0119ziemi\u0119-kupi\u0142em-300x225.jpg\" alt=\"\" width=\"300\" height=\"225\" srcset=\"\/adamczewski\/wp-content\/uploads\/2012\/05\/S\u0105siedzi-od-kt\u00f3rych-t\u0119ziemi\u0119-kupi\u0142em-300x225.jpg 300w, \/adamczewski\/wp-content\/uploads\/2012\/05\/S\u0105siedzi-od-kt\u00f3rych-t\u0119ziemi\u0119-kupi\u0142em.jpg 640w\" sizes=\"(max-width: 300px) 100vw, 300px\" \/><\/a><\/p>\n<p><em>S\u0105siedzi, od kt\u00f3rych kupi\u0142em t\u0119 ziemi\u0119<\/em><\/p>\n<p>Brama wjazdowa by\u0142a otwarta od dwunastej w po\u0142udnie do dwunastej w nocy. A przyjaciele doje\u017cd\u017cali (potem niekt\u00f3rzy wyje\u017cd\u017cali do obowi\u0105zk\u00f3w np. na uniwersytecie\u00a0czy w redakcjach) i doje\u017cd\u017cali. \u0141\u0105cznie by\u0142o 44 go\u015bci. No i ta symboliczna liczba zmusi\u0142a niekt\u00f3rych do sk\u0142adania \u017cycze\u0144 mow\u0105 wi\u0105zan\u0105.<\/p>\n<p><strong><em>ODA \u00a0DO \u00a0<\/em><\/strong><strong><em>SMAKOSZA W<\/em><\/strong><strong><em>\u0118DROWNEGO<\/em><\/strong><strong><\/strong><\/p>\n<p>Mickiewicz pisa\u0142 co\u015b o m\u0142odo\u015bci co nad poziomy wylata<\/p>\n<p>Pewnie napisa\u0142by lepsz\u0105 od\u0119 ku Tego czci jubilata<\/p>\n<p>Umar\u0142 ju\u017c jednak od przejedzenia, w co ja przynajmniej nie w\u0105tpi\u0119<\/p>\n<p>Pozwolisz Piotrze, \u017ce z braku laku &#8211; ja Mickiewicza zast\u0105pi\u0119<\/p>\n<p>Niechaj zadzwoni\u0105 muz wszelkich lutnie, niechaj pop\u0142yn\u0105 s\u0142owa<\/p>\n<p>A autorowi niniejszej ody, rytm nada Cz\u0119stochowa.<\/p>\n<p>42 by\u0142 rokiem, kt\u00f3ry dla \u015bwiata by\u0142 raczej kiepski<\/p>\n<p>Z jednym wyj\u0105tkiem, owego roku urodzi\u0142 si\u0119 Piotr Adamczewski.<\/p>\n<p>I c\u00f3\u017c por\u00f3wna\u0107 z tym wydarzeniem da\u0142oby dzisiaj rad\u0119<\/p>\n<p>Jaka\u015b drobnostka, \u017ce Niemcy \u0142upnia dostali pod Stalingradem?<\/p>\n<p>Nie urwa\u0142 \u0142ba w kolebce hydrze, lecz dorwa\u0142 si\u0119 do jedzenia<\/p>\n<p>Pono\u0107, pomimo up\u0142ywu czasu, to wcale si\u0119 nie zmienia.<\/p>\n<p>Kto\u015b powie: wyb\u00f3r nieheroiczny, lecz ja tu po\u015br\u00f3d go\u015bci<\/p>\n<p>Postaram si\u0119 obja\u015bni\u0107, ile Piotr czyni\u0142 dla ludzko\u015bci.<\/p>\n<p>Nie straszny by\u0142 mu wszak cholesterol, zgaga, niestrawno\u015b\u0107 i kolki<\/p>\n<p>Potrafi\u0142 w zrazach odnale\u017a\u0107 ducha prawdziwej Matki Polki.<\/p>\n<p>Dzielnie przedziera\u0142 si\u0119 przez rolady, farfale i podroby<\/p>\n<p>Cho\u0107 mu grozi\u0142a: oty\u0142o\u015b\u0107, zawa\u0142, a nawet marsko\u015b\u0107 w\u0105troby.<\/p>\n<p>Furda w\u0105troba, jak rycerzowi, kt\u00f3remu nawet \u015bmier\u0107 farsa<\/p>\n<p>Odpowiem: Marsko\u015b\u0107 w\u0105troby wywodzi si\u0119 wszak od Marsa!<\/p>\n<p>Jubilat nasz, &#8222;smakosz w\u0119drowny&#8221; wieku ju\u017c jest arcyzacnego<\/p>\n<p>Piotrze! Ty masz urodziny w dzie\u0144 pracownika komunalnego!<\/p>\n<p>Przypadek powiesz, ja za\u015b pozwol\u0119 my\u015bl tu wysun\u0105\u0107 s\u0142uszn\u0105.<\/p>\n<p>To nie przypadek, chodzi albowiem o Twoje communio z kuchni\u0105.<\/p>\n<p>Niechaj ci\u0119 wiod\u0105 drogi Toskanii, ocet smakuje niech winny<\/p>\n<p>Niechaj ostrygi b\u0119d\u0105 ci \u015bwie\u017ce, a szampan zawsze niech zimny.<\/p>\n<p>Niechaj zaskoczy ci\u0119 zawsze w drodze co\u015b do jedzenia i picia.<\/p>\n<p>\u017byczymy, Piotrze, stupi\u0119\u0107dziesi\u0119ciu lat smakowitego \u017cycia!<\/p>\n<p>Inka i Pawe\u0142 (Wro\u0144scy)<\/p>\n<p>Tu brawa! i \u0142zy wzruszenia jubilata!<\/p>\n<p><a href=\"\/wp-content\/uploads\/2012\/05\/Wnuk-c\u00f3rka-i-przyjaciel.jpg\"><img loading=\"lazy\" decoding=\"async\" class=\"aligncenter size-medium wp-image-4605\" title=\"OLYMPUS DIGITAL CAMERA\" src=\"\/wp-content\/uploads\/2012\/05\/Wnuk-c\u00f3rka-i-przyjaciel-300x225.jpg\" alt=\"\" width=\"300\" height=\"225\" srcset=\"\/adamczewski\/wp-content\/uploads\/2012\/05\/Wnuk-c\u00f3rka-i-przyjaciel-300x225.jpg 300w, \/adamczewski\/wp-content\/uploads\/2012\/05\/Wnuk-c\u00f3rka-i-przyjaciel.jpg 640w\" sizes=\"(max-width: 300px) 100vw, 300px\" \/><\/a><\/p>\n<p><em>Wnuk, c\u00f3rka i przyjaciel<\/em><\/p>\n<p>Nie b\u0119d\u0119 opisywa\u0142 wszystkich da\u0144, bo w wi\u0119kszo\u015bci je znacie (np. ryb\u0119 w galarecie, m\u00f3j &#8222;zjazdowy&#8221; pasztet\u00a0 czy zimne n\u00f3\u017cki lub oz\u00f3r wo\u0142owy). Na gor\u0105co by\u0142 kurczak luzowany duszony z rodzynkami, kolorow\u0105 papryk\u0105, grzybkami mun, czosnkiem, mielonym kminem orientalnym, sosem sojowym, peperoncino i cukrem. Tym razem z ry\u017cem a nie makaronem sojowym.<br \/>\nW\u015br\u00f3d prezent\u00f3w (wspania\u0142ych jak super grill czy kije do nordic walkingu) sporo ksi\u0105\u017cek: &#8222;Tajny dziennik&#8221; Mirona Bia\u0142oszewskiego, &#8222;Prowadz\u0105cy umar\u0142ych&#8221; Liao Yiwu (nagroda im. Ryszarda Kapu\u015bci\u0144skiego) czy &#8222;W cieniu&#8221; Adama Daniela Rotfelda (12 rozm\u00f3w z Marcinem Wojciechowskim) z przemi\u0142\u0105 dedykacj\u0105 i autografem autora, kt\u00f3ry zd\u0105\u017cy\u0142 dojecha\u0107 przed p\u00f3\u0142noc\u0105\u00a0 wprost z samolotu.<\/p>\n<p>Skandali nie by\u0142o, policji te\u017c, bo sztachety s\u0105 nienaruszone. Ee, co to za siedemdziesi\u0105tka &#8211; powiedzieli w poniedzia\u0142ek w gminnym sklepie.<\/p>\n","protected":false},"excerpt":{"rendered":"<p>Przygotowania zako\u0144czone Rododendron rozkwit\u0142 w sam\u0105 por\u0119 Przez trzy dni poprzedzaj\u0105ce moje urodziny wilga \u015bpiewa\u0142a jak oszala\u0142a. W charakterystyczny gwizd tego jaskrawo- \u017c\u00f3\u0142tego ptaka zwiastuje deszcz. S\u0142ucha\u0142em wi\u0119c lekko (a potem nawet ci\u0119\u017cko) zdenerwowany \u015bpiewu wo\u0142aj\u0105cego &#8222;zofiiija, zofiiija&#8221;. Namiot bankietowy to zbawienie przy letnim przyj\u0119ciu w ogrodzie Na szcz\u0119\u015bcie okaza\u0142o si\u0119, \u017ce pi\u0119kne ptaki bywaj\u0105 [&hellip;]<\/p>\n","protected":false},"author":2,"featured_media":0,"comment_status":"open","ping_status":"open","sticky":false,"template":"","format":"standard","meta":{"footnotes":""},"categories":[1],"tags":[],"_links":{"self":[{"href":"https:\/\/blog.polityka.pl\/adamczewski\/wp-json\/wp\/v2\/posts\/4598"}],"collection":[{"href":"https:\/\/blog.polityka.pl\/adamczewski\/wp-json\/wp\/v2\/posts"}],"about":[{"href":"https:\/\/blog.polityka.pl\/adamczewski\/wp-json\/wp\/v2\/types\/post"}],"author":[{"embeddable":true,"href":"https:\/\/blog.polityka.pl\/adamczewski\/wp-json\/wp\/v2\/users\/2"}],"replies":[{"embeddable":true,"href":"https:\/\/blog.polityka.pl\/adamczewski\/wp-json\/wp\/v2\/comments?post=4598"}],"version-history":[{"count":7,"href":"https:\/\/blog.polityka.pl\/adamczewski\/wp-json\/wp\/v2\/posts\/4598\/revisions"}],"predecessor-version":[{"id":4607,"href":"https:\/\/blog.polityka.pl\/adamczewski\/wp-json\/wp\/v2\/posts\/4598\/revisions\/4607"}],"wp:attachment":[{"href":"https:\/\/blog.polityka.pl\/adamczewski\/wp-json\/wp\/v2\/media?parent=4598"}],"wp:term":[{"taxonomy":"category","embeddable":true,"href":"https:\/\/blog.polityka.pl\/adamczewski\/wp-json\/wp\/v2\/categories?post=4598"},{"taxonomy":"post_tag","embeddable":true,"href":"https:\/\/blog.polityka.pl\/adamczewski\/wp-json\/wp\/v2\/tags?post=4598"}],"curies":[{"name":"wp","href":"https:\/\/api.w.org\/{rel}","templated":true}]}}