
{"id":461,"date":"2008-04-02T07:00:02","date_gmt":"2008-04-02T06:00:02","guid":{"rendered":"http:\/\/adamczewski.blog.polityka.pl\/?p=461"},"modified":"2008-04-02T07:53:40","modified_gmt":"2008-04-02T06:53:40","slug":"zgadnij-co-gotujemy84","status":"publish","type":"post","link":"https:\/\/blog.polityka.pl\/adamczewski\/2008\/04\/02\/zgadnij-co-gotujemy84\/","title":{"rendered":"Zgadnij co gotujemy?(84)"},"content":{"rendered":"<p>Wygl\u0105da na to, \u017ce wreszcie b\u0119dzie wiosna. Las (ten nasz w\u0142asny, kurpiowski) posprz\u0105tany. Zieleni si\u0119 to i owo. S\u0105 bociany i \u017curawie. W pi\u0105tek pojedziemy na ca\u0142e trzy dni by i dom doprowadzi\u0107 do porz\u0105dku. Najwy\u017csza wi\u0119c pora i na wiosenn\u0105 zgadywank\u0119. A w zamian nietypowa nagroda: ksi\u0105\u017cka napisana przez najwybitniejszych ludzi polskiego filmu &#8211; re\u017cyser\u00f3w, aktor\u00f3w, scenograf\u00f3w, producent\u00f3w &#8211; pe\u0142na wspomnie\u0144 i prze\u015bmiesznych anegdot. S\u0105 te\u017c elementy kulinarne wi\u0119c mo\u017cna to dzie\u0142o zatytu\u0142owane &#8222;Filmowcy&#8221; zaproponowa\u0107 jako nagrod\u0119 w naszym quizie. Aby ksi\u0105\u017ck\u0119 opatrzon\u0105 dedykacj\u0105 i autografem otrzyma\u0107 trzeba odpowiedzie\u0107 na trzy pytania (bezb\u0142\u0119dnie oczywi\u015bcie) i spiesznie wys\u0142a\u0107 list na adres:  internet@polityka.com.pl<\/p>\n<p>A oto pytania:<\/p>\n<p>1. Co nam daje surowa marchewka?<br \/>\n2. Z zielonych listk\u00f3w m\u0142odego oregano mo\u017cna zrobi\u0107 pyszny ch\u0142odnik, a jak brzmi polska nazwa tego zi\u00f3\u0142ka?<br \/>\n3. Dlaczego zup\u0119 szczawiow\u0105 je si\u0119 z jajkiem i ze \u015bmietan\u0105?<\/p>\n<p>Ju\u017c siadajcie do klawiatury. Czekam na listy i wzywam pos\u0142a\u0144ca po odbi\u00f3r paczki. Powodzenia!<\/p>\n","protected":false},"excerpt":{"rendered":"<p>Wygl\u0105da na to, \u017ce wreszcie b\u0119dzie wiosna. Las (ten nasz w\u0142asny, kurpiowski) posprz\u0105tany. Zieleni si\u0119 to i owo. S\u0105 bociany i \u017curawie. W pi\u0105tek pojedziemy na ca\u0142e trzy dni by i dom doprowadzi\u0107 do porz\u0105dku. Najwy\u017csza wi\u0119c pora i na wiosenn\u0105 zgadywank\u0119. A w zamian nietypowa nagroda: ksi\u0105\u017cka napisana przez najwybitniejszych ludzi polskiego filmu &#8211; [&hellip;]<\/p>\n","protected":false},"author":2,"featured_media":0,"comment_status":"open","ping_status":"open","sticky":false,"template":"","format":"standard","meta":{"footnotes":""},"categories":[1],"tags":[],"_links":{"self":[{"href":"https:\/\/blog.polityka.pl\/adamczewski\/wp-json\/wp\/v2\/posts\/461"}],"collection":[{"href":"https:\/\/blog.polityka.pl\/adamczewski\/wp-json\/wp\/v2\/posts"}],"about":[{"href":"https:\/\/blog.polityka.pl\/adamczewski\/wp-json\/wp\/v2\/types\/post"}],"author":[{"embeddable":true,"href":"https:\/\/blog.polityka.pl\/adamczewski\/wp-json\/wp\/v2\/users\/2"}],"replies":[{"embeddable":true,"href":"https:\/\/blog.polityka.pl\/adamczewski\/wp-json\/wp\/v2\/comments?post=461"}],"version-history":[{"count":0,"href":"https:\/\/blog.polityka.pl\/adamczewski\/wp-json\/wp\/v2\/posts\/461\/revisions"}],"wp:attachment":[{"href":"https:\/\/blog.polityka.pl\/adamczewski\/wp-json\/wp\/v2\/media?parent=461"}],"wp:term":[{"taxonomy":"category","embeddable":true,"href":"https:\/\/blog.polityka.pl\/adamczewski\/wp-json\/wp\/v2\/categories?post=461"},{"taxonomy":"post_tag","embeddable":true,"href":"https:\/\/blog.polityka.pl\/adamczewski\/wp-json\/wp\/v2\/tags?post=461"}],"curies":[{"name":"wp","href":"https:\/\/api.w.org\/{rel}","templated":true}]}}