
{"id":4624,"date":"2012-05-25T08:00:03","date_gmt":"2012-05-25T06:00:03","guid":{"rendered":"http:\/\/adamczewski.blog.polityka.pl\/?p=4624"},"modified":"2012-05-23T16:10:16","modified_gmt":"2012-05-23T14:10:16","slug":"prawie-kazdy-lubi-chrupac","status":"publish","type":"post","link":"https:\/\/blog.polityka.pl\/adamczewski\/2012\/05\/25\/prawie-kazdy-lubi-chrupac\/","title":{"rendered":"Prawie ka\u017cdy lubi chrupa\u0107"},"content":{"rendered":"<p>Nie wiem na czym to polega ale lubi\u0119 potrawy, kt\u00f3re chrupi\u0105. I nie tylko ja. Wiedz\u0105 o tym producenci, wi\u0119c zarzucaj\u0105 swoj\u0105 w\u0119dk\u0119 z chrupk\u0105 przyn\u0119t\u0105 a my j\u0105 \u0142ykamy i chrupiemy.<br \/>\nOstatnio firma Knorr wypu\u015bci\u0142a na rynek mn\u00f3stwo sos\u00f3w do sa\u0142at, kt\u00f3re pr\u00f3bowa\u0142em i nie wzbudzi\u0142y mojego zachwytu. By\u0142y\u00a0 jadalne. Nie \u017ca\u0142owa\u0142em, \u017ce si\u0119 wda\u0142em te degustacje ale te\u017c nie powtarza\u0142em pr\u00f3b ponownie. Zdecydowanie bardziej wol\u0119 sosy\u00a0przyrz\u0105dzane na bazie octu balsamicznego i oliwy z r\u00f3\u017cnymi przyprawami robione w\u0142asnor\u0119cznie i dojrzewaj\u0105ce pewien czas w domu.<\/p>\n<p><a href=\"\/wp-content\/uploads\/2012\/05\/Chrupkie-n\u00f3\u017cki.jpg\"><img loading=\"lazy\" decoding=\"async\" class=\"aligncenter size-medium wp-image-4626\" title=\"OLYMPUS DIGITAL CAMERA\" src=\"\/wp-content\/uploads\/2012\/05\/Chrupkie-n\u00f3\u017cki-300x225.jpg\" alt=\"\" width=\"300\" height=\"225\" srcset=\"\/adamczewski\/wp-content\/uploads\/2012\/05\/Chrupkie-n\u00f3\u017cki-300x225.jpg 300w, \/adamczewski\/wp-content\/uploads\/2012\/05\/Chrupkie-n\u00f3\u017cki.jpg 640w\" sizes=\"(max-width: 300px) 100vw, 300px\" \/><\/a><br \/>\nNa koniec zrobi\u0142em dwie pr\u00f3by z chrupk\u0105 panierk\u0105 ( w tym serow\u0105) do udek kurczaka. I to by\u0142 dobry wyb\u00f3r. Udka zachowa\u0142y soczysto\u015b\u0107 a pokrywa zewn\u0119trzna chrupa\u0142a tak apetycznie, \u017ce s\u0105siedzi zza p\u0142otu domagali si\u0119 pocz\u0119stunku.<\/p>\n<p><a href=\"\/wp-content\/uploads\/2012\/05\/Bardzo-chrupkie.jpg\"><img loading=\"lazy\" decoding=\"async\" class=\"aligncenter size-medium wp-image-4625\" title=\"OLYMPUS DIGITAL CAMERA\" src=\"\/wp-content\/uploads\/2012\/05\/Bardzo-chrupkie-300x225.jpg\" alt=\"\" width=\"300\" height=\"225\" srcset=\"\/adamczewski\/wp-content\/uploads\/2012\/05\/Bardzo-chrupkie-300x225.jpg 300w, \/adamczewski\/wp-content\/uploads\/2012\/05\/Bardzo-chrupkie.jpg 640w\" sizes=\"(max-width: 300px) 100vw, 300px\" \/><\/a><br \/>\nPr\u00f3by b\u0119d\u0105 wi\u0119c\u00a0 ponawiane. Mam te\u017c nadziej\u0119, \u017ce tych chrupko\u015bci b\u0119dzie jeszcze wi\u0119cej gatunk\u00f3w. Je\u015bli nie\u00a0 to sam b\u0119d\u0119 je modyfikowa\u0142. Nadaj\u0105 si\u0119 do tego np. ziarna sezamu, pokruszone orzechy a nawet ususzone dok\u0142adnie i pokruszone r\u00f3\u017cne ciasteczka np. piernik. Tylko, \u017ce np.\u00a0przy s\u0142odkiej panierce dodawa\u0142bym element ostro\u015bci,\u00a0cho\u0107by\u00a0 pokruszone peperoncino. Tu mo\u017cna pu\u015bci\u0107 wodze fantazji. Oczywi\u015bcie nie do kresu wytrzyma\u0142o\u015bci sto\u0142ownik\u00f3w.<br \/>\nA chrupkie udka nadaj\u0105 si\u0119 jak ma\u0142o co na wszelkie pikniki i wyprawy do lasu czy w g\u00f3ry. \u0141atwo je zapakowa\u0107 i nie trac\u0105 smaku podawane na zimno.<\/p>\n","protected":false},"excerpt":{"rendered":"<p>Nie wiem na czym to polega ale lubi\u0119 potrawy, kt\u00f3re chrupi\u0105. I nie tylko ja. Wiedz\u0105 o tym producenci, wi\u0119c zarzucaj\u0105 swoj\u0105 w\u0119dk\u0119 z chrupk\u0105 przyn\u0119t\u0105 a my j\u0105 \u0142ykamy i chrupiemy. Ostatnio firma Knorr wypu\u015bci\u0142a na rynek mn\u00f3stwo sos\u00f3w do sa\u0142at, kt\u00f3re pr\u00f3bowa\u0142em i nie wzbudzi\u0142y mojego zachwytu. By\u0142y\u00a0 jadalne. Nie \u017ca\u0142owa\u0142em, \u017ce si\u0119 [&hellip;]<\/p>\n","protected":false},"author":2,"featured_media":0,"comment_status":"open","ping_status":"open","sticky":false,"template":"","format":"standard","meta":{"footnotes":""},"categories":[1],"tags":[],"_links":{"self":[{"href":"https:\/\/blog.polityka.pl\/adamczewski\/wp-json\/wp\/v2\/posts\/4624"}],"collection":[{"href":"https:\/\/blog.polityka.pl\/adamczewski\/wp-json\/wp\/v2\/posts"}],"about":[{"href":"https:\/\/blog.polityka.pl\/adamczewski\/wp-json\/wp\/v2\/types\/post"}],"author":[{"embeddable":true,"href":"https:\/\/blog.polityka.pl\/adamczewski\/wp-json\/wp\/v2\/users\/2"}],"replies":[{"embeddable":true,"href":"https:\/\/blog.polityka.pl\/adamczewski\/wp-json\/wp\/v2\/comments?post=4624"}],"version-history":[{"count":4,"href":"https:\/\/blog.polityka.pl\/adamczewski\/wp-json\/wp\/v2\/posts\/4624\/revisions"}],"predecessor-version":[{"id":4634,"href":"https:\/\/blog.polityka.pl\/adamczewski\/wp-json\/wp\/v2\/posts\/4624\/revisions\/4634"}],"wp:attachment":[{"href":"https:\/\/blog.polityka.pl\/adamczewski\/wp-json\/wp\/v2\/media?parent=4624"}],"wp:term":[{"taxonomy":"category","embeddable":true,"href":"https:\/\/blog.polityka.pl\/adamczewski\/wp-json\/wp\/v2\/categories?post=4624"},{"taxonomy":"post_tag","embeddable":true,"href":"https:\/\/blog.polityka.pl\/adamczewski\/wp-json\/wp\/v2\/tags?post=4624"}],"curies":[{"name":"wp","href":"https:\/\/api.w.org\/{rel}","templated":true}]}}