
{"id":464,"date":"2008-04-09T08:00:29","date_gmt":"2008-04-09T06:00:29","guid":{"rendered":"http:\/\/adamczewski.blog.polityka.pl\/?p=464"},"modified":"2008-04-09T09:12:19","modified_gmt":"2008-04-09T07:12:19","slug":"zgadnij-co-gotujemy85","status":"publish","type":"post","link":"https:\/\/blog.polityka.pl\/adamczewski\/2008\/04\/09\/zgadnij-co-gotujemy85\/","title":{"rendered":"Zgadnij co gotujemy?(85)"},"content":{"rendered":"<p>Wygl\u0105da na to, \u017ce Mi\u015b 2 ma racj\u0119. W czwartek b\u0119dzie wiosna a potem ju\u017c tylko lato. Ptactwo drze si\u0119 jak oszala\u0142e. Podobno to zaloty s\u0105 takie ha\u0142a\u015bliwe. A po okresie godowym nast\u0105pi chwila ciszy. Aby, mimo tego \u015bwiergotu za oknami, uda\u0142o si\u0119 rozwi\u0105za\u0107 kolejny quiz podrzucam Wam niezwykle \u0142atwe pytania. A jako nagrod\u0119 w naszym quizie proponuj\u0119 ciekaw\u0105 ksi\u0105\u017ck\u0119 &#8222;Steinhagenowie &#8211; historia ze smakiem&#8221; autorstwa Mari Elizy Steinhagen. Historia rodu jest niezwyk\u0142a i pe\u0142na r\u00f3\u017cnorodnych smak\u00f3w i smaczk\u00f3w. Aby ksi\u0105\u017ck\u0119 t\u0119 otrzyma\u0107 &#8211; opatrzon\u0105 dedykacj\u0105 i autografem ( niestety nie autorki) &#8211; trzeba odpowiedzie\u0107 na trzy pytania i wys\u0142a\u0107 list na adres: <a href=\"mailto:internet@polityka.com.pl\">internet@polityka.com.pl<\/a><\/p>\n<p>A oto pytania:<br \/>\n1. Gruszka mi\u0142osna, ober\u017cyna, bak\u0142a\u017can to trzy nazwy tego samego warzywa jakie kolory sk\u00f3rki ma \u00f3w przysmak?<br \/>\n2. Modrak morski to ryba czy skorupiak a mo\u017ce&#8230;?<br \/>\n3. Deser mojego dzieci\u0144stwa to makagigi &#8211; z czego to robione?<\/p>\n<p>Ju\u017c siadajcie do komputera. Czekam na listy. Powodzenia!<\/p>\n","protected":false},"excerpt":{"rendered":"<p>Wygl\u0105da na to, \u017ce Mi\u015b 2 ma racj\u0119. W czwartek b\u0119dzie wiosna a potem ju\u017c tylko lato. Ptactwo drze si\u0119 jak oszala\u0142e. Podobno to zaloty s\u0105 takie ha\u0142a\u015bliwe. A po okresie godowym nast\u0105pi chwila ciszy. Aby, mimo tego \u015bwiergotu za oknami, uda\u0142o si\u0119 rozwi\u0105za\u0107 kolejny quiz podrzucam Wam niezwykle \u0142atwe pytania. A jako nagrod\u0119 w [&hellip;]<\/p>\n","protected":false},"author":2,"featured_media":0,"comment_status":"open","ping_status":"open","sticky":false,"template":"","format":"standard","meta":{"footnotes":""},"categories":[1],"tags":[],"_links":{"self":[{"href":"https:\/\/blog.polityka.pl\/adamczewski\/wp-json\/wp\/v2\/posts\/464"}],"collection":[{"href":"https:\/\/blog.polityka.pl\/adamczewski\/wp-json\/wp\/v2\/posts"}],"about":[{"href":"https:\/\/blog.polityka.pl\/adamczewski\/wp-json\/wp\/v2\/types\/post"}],"author":[{"embeddable":true,"href":"https:\/\/blog.polityka.pl\/adamczewski\/wp-json\/wp\/v2\/users\/2"}],"replies":[{"embeddable":true,"href":"https:\/\/blog.polityka.pl\/adamczewski\/wp-json\/wp\/v2\/comments?post=464"}],"version-history":[{"count":0,"href":"https:\/\/blog.polityka.pl\/adamczewski\/wp-json\/wp\/v2\/posts\/464\/revisions"}],"wp:attachment":[{"href":"https:\/\/blog.polityka.pl\/adamczewski\/wp-json\/wp\/v2\/media?parent=464"}],"wp:term":[{"taxonomy":"category","embeddable":true,"href":"https:\/\/blog.polityka.pl\/adamczewski\/wp-json\/wp\/v2\/categories?post=464"},{"taxonomy":"post_tag","embeddable":true,"href":"https:\/\/blog.polityka.pl\/adamczewski\/wp-json\/wp\/v2\/tags?post=464"}],"curies":[{"name":"wp","href":"https:\/\/api.w.org\/{rel}","templated":true}]}}