
{"id":4662,"date":"2012-05-06T08:00:27","date_gmt":"2012-05-06T06:00:27","guid":{"rendered":"http:\/\/adamczewski.blog.polityka.pl\/?p=4662"},"modified":"2012-05-28T13:31:16","modified_gmt":"2012-05-28T11:31:16","slug":"zgadnij-co-gotujemy-125","status":"publish","type":"post","link":"https:\/\/blog.polityka.pl\/adamczewski\/2012\/05\/06\/zgadnij-co-gotujemy-125\/","title":{"rendered":"Zgadnij co gotujemy"},"content":{"rendered":"<p><a href=\"\/wp-content\/uploads\/2012\/05\/dolny-slask-blog.jpg\"><img loading=\"lazy\" decoding=\"async\" class=\"aligncenter size-medium wp-image-4663\" title=\"dolny-slask-blog\" src=\"\/wp-content\/uploads\/2012\/05\/dolny-slask-blog-222x300.jpg\" alt=\"\" width=\"222\" height=\"300\" srcset=\"\/adamczewski\/wp-content\/uploads\/2012\/05\/dolny-slask-blog-222x300.jpg 222w, \/adamczewski\/wp-content\/uploads\/2012\/05\/dolny-slask-blog.jpg 356w\" sizes=\"(max-width: 222px) 100vw, 222px\" \/><\/a><\/p>\n<p>\u00a0Dzi\u015b do wygrania ksi\u0105\u017cka, a w\u0142a\u015bciwie album z przepisami, kt\u00f3ra na pewno b\u0119dzie po\u017c\u0105dan\u0105 nagrod\u0105 dla amator\u00f3w dziczyzny. Autor jest z wykszta\u0142cenia le\u015bnikiem a z pasji kucharzem (i wydawc\u0105)Przepisy z ksi\u0105\u017cki wystarcz\u0105 na wiele sezon\u00f3w i wielu go\u015bci. Mo\u017cna z niej zrobi\u0107 prezent dla cudzoziemca, bo wydana jest w trzech j\u0119zykach: polskim, angielskim i niemieckim.<br \/>\nWystarczy wi\u0119c szybko wys\u0142a\u0107 odpowiedzi na adres <a href=\"mailto:internet@polityka.com.pl\">internet@polityka.com.pl<\/a>\u00a0 (je\u015bli to pierwszy raz, to prosz\u0119 o adres pocztowy niezb\u0119dny w przypadku wygranej) i czeka\u0107 na og\u0142oszenie zwyci\u0119zcy.<\/p>\n<p>\u00a0A teraz pytania:<\/p>\n<p>1.Pod koniec XVIII wieku lasy i puszcze zajmowa\u0142y 40 proc. powierzchni Polski, po II wojnie \u015bwiatowej niewiele ponad 20 proc., a ile dzi\u015b ?<br \/>\n2.Cietrzew i g\u0142uszec s\u0105 obj\u0119te ca\u0142kowit\u0105 ochron\u0105; ile tych pi\u0119knych ptak\u00f3w \u017cyje w naszych lasach?<br \/>\n3.Kiedy i kto wyda\u0142 pierwszy edykt zabraniaj\u0105cy polowa\u0144 na bobry?<\/p>\n<p>Teraz prosz\u0119 o szybkie wys\u0142anie odpowiedzi tu: <a href=\"mailto:internet@polityka.com.pl\">internet@polityka.com.pl<\/a>\u00a0 i ksi\u0105\u017cka\u00a0 zostanie wyekspediowana pod wskazany adres.<\/p>\n","protected":false},"excerpt":{"rendered":"<p>\u00a0Dzi\u015b do wygrania ksi\u0105\u017cka, a w\u0142a\u015bciwie album z przepisami, kt\u00f3ra na pewno b\u0119dzie po\u017c\u0105dan\u0105 nagrod\u0105 dla amator\u00f3w dziczyzny. Autor jest z wykszta\u0142cenia le\u015bnikiem a z pasji kucharzem (i wydawc\u0105)Przepisy z ksi\u0105\u017cki wystarcz\u0105 na wiele sezon\u00f3w i wielu go\u015bci. Mo\u017cna z niej zrobi\u0107 prezent dla cudzoziemca, bo wydana jest w trzech j\u0119zykach: polskim, angielskim i niemieckim. [&hellip;]<\/p>\n","protected":false},"author":2,"featured_media":0,"comment_status":"open","ping_status":"open","sticky":false,"template":"","format":"standard","meta":{"footnotes":""},"categories":[1],"tags":[],"_links":{"self":[{"href":"https:\/\/blog.polityka.pl\/adamczewski\/wp-json\/wp\/v2\/posts\/4662"}],"collection":[{"href":"https:\/\/blog.polityka.pl\/adamczewski\/wp-json\/wp\/v2\/posts"}],"about":[{"href":"https:\/\/blog.polityka.pl\/adamczewski\/wp-json\/wp\/v2\/types\/post"}],"author":[{"embeddable":true,"href":"https:\/\/blog.polityka.pl\/adamczewski\/wp-json\/wp\/v2\/users\/2"}],"replies":[{"embeddable":true,"href":"https:\/\/blog.polityka.pl\/adamczewski\/wp-json\/wp\/v2\/comments?post=4662"}],"version-history":[{"count":3,"href":"https:\/\/blog.polityka.pl\/adamczewski\/wp-json\/wp\/v2\/posts\/4662\/revisions"}],"predecessor-version":[{"id":4665,"href":"https:\/\/blog.polityka.pl\/adamczewski\/wp-json\/wp\/v2\/posts\/4662\/revisions\/4665"}],"wp:attachment":[{"href":"https:\/\/blog.polityka.pl\/adamczewski\/wp-json\/wp\/v2\/media?parent=4662"}],"wp:term":[{"taxonomy":"category","embeddable":true,"href":"https:\/\/blog.polityka.pl\/adamczewski\/wp-json\/wp\/v2\/categories?post=4662"},{"taxonomy":"post_tag","embeddable":true,"href":"https:\/\/blog.polityka.pl\/adamczewski\/wp-json\/wp\/v2\/tags?post=4662"}],"curies":[{"name":"wp","href":"https:\/\/api.w.org\/{rel}","templated":true}]}}