
{"id":469,"date":"2008-04-14T08:00:31","date_gmt":"2008-04-14T06:00:31","guid":{"rendered":"http:\/\/adamczewski.blog.polityka.pl\/?p=469"},"modified":"2008-04-13T22:20:18","modified_gmt":"2008-04-13T20:20:18","slug":"historyjka-obrazkowa","status":"publish","type":"post","link":"https:\/\/blog.polityka.pl\/adamczewski\/2008\/04\/14\/historyjka-obrazkowa\/","title":{"rendered":"Historyjka obrazkowa"},"content":{"rendered":"<p>Wystarczy wyjecha\u0107 na wie\u015b, by zaj\u0105\u0107 si\u0119 domem, kt\u00f3ry jesieni\u0105 musi b\u0142yszcze\u0107 i zachwyca\u0107, by tu towarzystwo rozhula\u0142o si\u0119. A to o feministkach, a to o poezji, a to o lawie i kamieniach czy meteorytach. Alicja mi ur\u0105ga, \u017ce znikam, a Arkadiusz zadaje pytania, na kt\u00f3re sam zna odpowied\u017a. Przecie\u017c ka\u017cdy wie, \u017ce przodkowie dali nam co mieli najlepszego.<\/p>\n<p>A pod numerem komentarza 380 Helena dowodzi, \u017ce czyta\u0107 nie warto, bo i tak jej kuzyni (bez czytania) maj\u0105 same noty celuj\u0105ce.<\/p>\n<p>A w dodatku ostatnie dane dotycz\u0105ce czytelnictwa tygodnik\u00f3w i prasy oraz ksi\u0105\u017cek wykazuj\u0105, \u017ce coraz mniej ludzi si\u0119ga po zadrukowane strony a coraz wi\u0119cej po obrazki. No to i ja postanowi\u0142em si\u0119 przekwalifikowa\u0107. Kupi\u0142em sobie nowy aparat fotograficzny Olympus  SP-51ouz   z 10-krotnym zoomem, 7,1 mln pikseli i par\u0119 jeszcze innych zdumiewaj\u0105cych danych, z kt\u00f3rych dla mnie nic nie wynika ale dla S\u0142awka, Misia2 i Nemo (\u017ce o Alicji nie wspomn\u0119!) to wiadomo\u015bci pierwszorz\u0119dne wi\u0119c je tu przytaczam. Sp\u0119dzi\u0142em dwa dni na nauce ( profesorem by\u0142 m\u00f3j przyjaciel, najlepszy fotoreporter  \u015bwiata czyli Wojtek Druszcz) staraj\u0105c si\u0119 zapami\u0119ta\u0107 co on mi nakazuje.<\/p>\n<p>I tyle s\u0142\u00f3w na dzisiaj. Reszta to obrazki. Czy wida\u0107 r\u00f3\u017cnic\u0119 mi\u0119dzy poprzednimi moimi fotkami a tymi? Warto by\u0142o wywala\u0107 te pieni\u0105dze?<\/p>\n<p>PS.<br \/>\nMarialko dzi\u0119kuj\u0119. Bardzo si\u0119 staram, by by\u0142o lepiej, ciekawiej i dowcipniej.<img loading=\"lazy\" decoding=\"async\" src=\"http:\/\/adamczewski.blog.polityka.pl\/wp-content\/uploads\/2997_03\/nowe\/alejaja.JPG\" alt=\"alejaja.JPG\" title=\"alejaja.JPG\" border=\"0\" height=\"338\" hspace=\"5\" vspace=\"5\" width=\"450\" \/><\/p>\n<p><img loading=\"lazy\" decoding=\"async\" src=\"http:\/\/adamczewski.blog.polityka.pl\/wp-content\/uploads\/2997_03\/nowe\/__ledziepodko__derk__.jpg\" alt=\"__ledziepodko__derk__.jpg\" title=\"__ledziepodko__derk__.jpg\" border=\"0\" height=\"338\" hspace=\"5\" vspace=\"5\" width=\"450\" \/><\/p>\n<p><img loading=\"lazy\" decoding=\"async\" src=\"http:\/\/adamczewski.blog.polityka.pl\/wp-content\/uploads\/2997_03\/nowe\/w__dliny_na_stoleP3230029.JPG\" alt=\"w__dliny_na_stoleP3230029.JPG\" title=\"w__dliny_na_stoleP3230029.JPG\" border=\"0\" height=\"338\" hspace=\"5\" vspace=\"5\" width=\"450\" \/><\/p>\n<p><img loading=\"lazy\" decoding=\"async\" src=\"http:\/\/adamczewski.blog.polityka.pl\/wp-content\/uploads\/2997_03\/nowe\/st_______wi__teczny.JPG\" alt=\"st_______wi__teczny.JPG\" title=\"st_______wi__teczny.JPG\" border=\"0\" height=\"600\" hspace=\"5\" vspace=\"5\" width=\"450\" \/><\/p>\n","protected":false},"excerpt":{"rendered":"<p>Wystarczy wyjecha\u0107 na wie\u015b, by zaj\u0105\u0107 si\u0119 domem, kt\u00f3ry jesieni\u0105 musi b\u0142yszcze\u0107 i zachwyca\u0107, by tu towarzystwo rozhula\u0142o si\u0119. A to o feministkach, a to o poezji, a to o lawie i kamieniach czy meteorytach. Alicja mi ur\u0105ga, \u017ce znikam, a Arkadiusz zadaje pytania, na kt\u00f3re sam zna odpowied\u017a. Przecie\u017c ka\u017cdy wie, \u017ce przodkowie dali [&hellip;]<\/p>\n","protected":false},"author":2,"featured_media":0,"comment_status":"open","ping_status":"open","sticky":false,"template":"","format":"standard","meta":{"footnotes":""},"categories":[1],"tags":[],"_links":{"self":[{"href":"https:\/\/blog.polityka.pl\/adamczewski\/wp-json\/wp\/v2\/posts\/469"}],"collection":[{"href":"https:\/\/blog.polityka.pl\/adamczewski\/wp-json\/wp\/v2\/posts"}],"about":[{"href":"https:\/\/blog.polityka.pl\/adamczewski\/wp-json\/wp\/v2\/types\/post"}],"author":[{"embeddable":true,"href":"https:\/\/blog.polityka.pl\/adamczewski\/wp-json\/wp\/v2\/users\/2"}],"replies":[{"embeddable":true,"href":"https:\/\/blog.polityka.pl\/adamczewski\/wp-json\/wp\/v2\/comments?post=469"}],"version-history":[{"count":0,"href":"https:\/\/blog.polityka.pl\/adamczewski\/wp-json\/wp\/v2\/posts\/469\/revisions"}],"wp:attachment":[{"href":"https:\/\/blog.polityka.pl\/adamczewski\/wp-json\/wp\/v2\/media?parent=469"}],"wp:term":[{"taxonomy":"category","embeddable":true,"href":"https:\/\/blog.polityka.pl\/adamczewski\/wp-json\/wp\/v2\/categories?post=469"},{"taxonomy":"post_tag","embeddable":true,"href":"https:\/\/blog.polityka.pl\/adamczewski\/wp-json\/wp\/v2\/tags?post=469"}],"curies":[{"name":"wp","href":"https:\/\/api.w.org\/{rel}","templated":true}]}}