
{"id":4690,"date":"2012-06-08T08:00:58","date_gmt":"2012-06-08T06:00:58","guid":{"rendered":"http:\/\/adamczewski.blog.polityka.pl\/?p=4690"},"modified":"2012-06-08T10:33:31","modified_gmt":"2012-06-08T08:33:31","slug":"co-mnie-czeka-w-niedalekiej-przyszlosci","status":"publish","type":"post","link":"https:\/\/blog.polityka.pl\/adamczewski\/2012\/06\/08\/co-mnie-czeka-w-niedalekiej-przyszlosci\/","title":{"rendered":"Co mnie czeka w niedalekiej przysz\u0142o\u015bci"},"content":{"rendered":"<p>Koniec maja i pocz\u0105tek czerwca da\u0142 si\u0119 wszystkim mi\u0142o\u015bnikom s\u0142o\u0144ca i upa\u0142\u00f3w mocno we znaki. Pada\u0142o, du\u0142o, by\u0142o lodowato. I to dos\u0142ownie. Dwukrotnie musia\u0142em z ogr\u00f3dka zielnego usuwa\u0107 przemarzni\u0119te i zwi\u0119dni\u0119te krzaczki bazylii nasadzaj\u0105c nowe. Niemal codziennie te\u017c musia\u0142em pali\u0107 w piecu, by w domu by\u0142o zno\u015bnie.<br \/>\nDlatego te\u017c moja t\u0119sknota za gor\u0105c\u0105 Itali\u0105 ro\u015bnie wprost proporcjonalnie do liczby ch\u0142odnych i paskudnych dni tegorocznej wiosny kurpiowskiej.<br \/>\nA jeszcze jak popatrzy\u0142em sobie na zdj\u0119cia da\u0144, kt\u00f3re jada\u0142em w ubieg\u0142ych latach podczas w\u0142oskich eskapad, to &#8222;krzywa wzrostu t\u0119sknoty&#8221; za \u015br\u00f3dziemnomorska kuchni\u0105 skaka\u0142a jeszcze szybciej.<br \/>\nChyba w ka\u017cdym rozbudzi\u0142y by apetyt takie dania:<\/p>\n<p><a href=\"\/wp-content\/uploads\/2012\/06\/Chicche-czyli-gnocchi-z-curry.jpg\"><img loading=\"lazy\" decoding=\"async\" class=\"aligncenter size-medium wp-image-4691\" title=\"OLYMPUS DIGITAL CAMERA\" src=\"\/wp-content\/uploads\/2012\/06\/Chicche-czyli-gnocchi-z-curry-300x225.jpg\" alt=\"\" width=\"300\" height=\"225\" srcset=\"\/adamczewski\/wp-content\/uploads\/2012\/06\/Chicche-czyli-gnocchi-z-curry-300x225.jpg 300w, \/adamczewski\/wp-content\/uploads\/2012\/06\/Chicche-czyli-gnocchi-z-curry.jpg 640w\" sizes=\"(max-width: 300px) 100vw, 300px\" \/><\/a><\/p>\n<p><em>Chicche czyli gnocchi w sosie z curry z kawa\u0142kiem homara<\/em><\/p>\n<p><a href=\"\/wp-content\/uploads\/2012\/06\/Cozze.jpg\"><img loading=\"lazy\" decoding=\"async\" class=\"aligncenter size-medium wp-image-4692\" title=\"OLYMPUS DIGITAL CAMERA\" src=\"\/wp-content\/uploads\/2012\/06\/Cozze-300x225.jpg\" alt=\"\" width=\"300\" height=\"225\" srcset=\"\/adamczewski\/wp-content\/uploads\/2012\/06\/Cozze-300x225.jpg 300w, \/adamczewski\/wp-content\/uploads\/2012\/06\/Cozze.jpg 640w\" sizes=\"(max-width: 300px) 100vw, 300px\" \/><\/a><\/p>\n<p><em>Cozze\u00a0\u00a0czyli ma\u0142\u017ce<\/em><\/p>\n<p><a href=\"\/wp-content\/uploads\/2012\/06\/fritto-misto.jpg\"><img loading=\"lazy\" decoding=\"async\" class=\"aligncenter size-medium wp-image-4693\" title=\"OLYMPUS DIGITAL CAMERA\" src=\"\/wp-content\/uploads\/2012\/06\/fritto-misto-300x225.jpg\" alt=\"\" width=\"300\" height=\"225\" srcset=\"\/adamczewski\/wp-content\/uploads\/2012\/06\/fritto-misto-300x225.jpg 300w, \/adamczewski\/wp-content\/uploads\/2012\/06\/fritto-misto.jpg 640w\" sizes=\"(max-width: 300px) 100vw, 300px\" \/><\/a><\/p>\n<p><em>Fritto misto &#8211; owoce morza z frytury<\/em><\/p>\n<p><a href=\"\/wp-content\/uploads\/2012\/06\/M\u0105twy-z-grilla.jpg\"><img loading=\"lazy\" decoding=\"async\" class=\"aligncenter size-medium wp-image-4694\" title=\"OLYMPUS DIGITAL CAMERA\" src=\"\/wp-content\/uploads\/2012\/06\/M\u0105twy-z-grilla-300x225.jpg\" alt=\"\" width=\"300\" height=\"225\" srcset=\"\/adamczewski\/wp-content\/uploads\/2012\/06\/M\u0105twy-z-grilla-300x225.jpg 300w, \/adamczewski\/wp-content\/uploads\/2012\/06\/M\u0105twy-z-grilla.jpg 640w\" sizes=\"(max-width: 300px) 100vw, 300px\" \/><\/a><\/p>\n<p><em>M\u0105twy z grilla<\/em><\/p>\n<p><a href=\"\/wp-content\/uploads\/2012\/06\/Alta-carpacio-z-sarnyP3020080.jpg\"><img loading=\"lazy\" decoding=\"async\" class=\"aligncenter size-medium wp-image-4696\" title=\"Alta carpacio z sarnyP3020080\" src=\"\/wp-content\/uploads\/2012\/06\/Alta-carpacio-z-sarnyP3020080-300x225.jpg\" alt=\"\" width=\"300\" height=\"225\" srcset=\"\/adamczewski\/wp-content\/uploads\/2012\/06\/Alta-carpacio-z-sarnyP3020080-300x225.jpg 300w, \/adamczewski\/wp-content\/uploads\/2012\/06\/Alta-carpacio-z-sarnyP3020080.jpg 640w\" sizes=\"(max-width: 300px) 100vw, 300px\" \/><\/a><em>Carpaccio z sarny<\/em><\/p>\n<p><a href=\"\/wp-content\/uploads\/2012\/06\/Alta-seryP3010037.jpg\"><img loading=\"lazy\" decoding=\"async\" class=\"aligncenter size-medium wp-image-4697\" title=\"Alta seryP3010037\" src=\"\/wp-content\/uploads\/2012\/06\/Alta-seryP3010037-300x225.jpg\" alt=\"\" width=\"300\" height=\"225\" srcset=\"\/adamczewski\/wp-content\/uploads\/2012\/06\/Alta-seryP3010037-300x225.jpg 300w, \/adamczewski\/wp-content\/uploads\/2012\/06\/Alta-seryP3010037.jpg 640w\" sizes=\"(max-width: 300px) 100vw, 300px\" \/><\/a><\/p>\n<p><em>Na koniec oczywi\u015bcie sery<\/em><\/p>\n<p>Jest za czym t\u0119skni\u0107 &#8211; prawda?<\/p>\n","protected":false},"excerpt":{"rendered":"<p>Koniec maja i pocz\u0105tek czerwca da\u0142 si\u0119 wszystkim mi\u0142o\u015bnikom s\u0142o\u0144ca i upa\u0142\u00f3w mocno we znaki. Pada\u0142o, du\u0142o, by\u0142o lodowato. I to dos\u0142ownie. Dwukrotnie musia\u0142em z ogr\u00f3dka zielnego usuwa\u0107 przemarzni\u0119te i zwi\u0119dni\u0119te krzaczki bazylii nasadzaj\u0105c nowe. Niemal codziennie te\u017c musia\u0142em pali\u0107 w piecu, by w domu by\u0142o zno\u015bnie. Dlatego te\u017c moja t\u0119sknota za gor\u0105c\u0105 Itali\u0105 ro\u015bnie [&hellip;]<\/p>\n","protected":false},"author":2,"featured_media":0,"comment_status":"open","ping_status":"open","sticky":false,"template":"","format":"standard","meta":{"footnotes":""},"categories":[1],"tags":[],"_links":{"self":[{"href":"https:\/\/blog.polityka.pl\/adamczewski\/wp-json\/wp\/v2\/posts\/4690"}],"collection":[{"href":"https:\/\/blog.polityka.pl\/adamczewski\/wp-json\/wp\/v2\/posts"}],"about":[{"href":"https:\/\/blog.polityka.pl\/adamczewski\/wp-json\/wp\/v2\/types\/post"}],"author":[{"embeddable":true,"href":"https:\/\/blog.polityka.pl\/adamczewski\/wp-json\/wp\/v2\/users\/2"}],"replies":[{"embeddable":true,"href":"https:\/\/blog.polityka.pl\/adamczewski\/wp-json\/wp\/v2\/comments?post=4690"}],"version-history":[{"count":3,"href":"https:\/\/blog.polityka.pl\/adamczewski\/wp-json\/wp\/v2\/posts\/4690\/revisions"}],"predecessor-version":[{"id":4712,"href":"https:\/\/blog.polityka.pl\/adamczewski\/wp-json\/wp\/v2\/posts\/4690\/revisions\/4712"}],"wp:attachment":[{"href":"https:\/\/blog.polityka.pl\/adamczewski\/wp-json\/wp\/v2\/media?parent=4690"}],"wp:term":[{"taxonomy":"category","embeddable":true,"href":"https:\/\/blog.polityka.pl\/adamczewski\/wp-json\/wp\/v2\/categories?post=4690"},{"taxonomy":"post_tag","embeddable":true,"href":"https:\/\/blog.polityka.pl\/adamczewski\/wp-json\/wp\/v2\/tags?post=4690"}],"curies":[{"name":"wp","href":"https:\/\/api.w.org\/{rel}","templated":true}]}}