
{"id":471,"date":"2008-04-16T06:00:29","date_gmt":"2008-04-16T04:00:29","guid":{"rendered":"http:\/\/adamczewski.blog.polityka.pl\/?p=471"},"modified":"2008-04-16T06:58:52","modified_gmt":"2008-04-16T04:58:52","slug":"zgadnij-co-gotujemy86-2","status":"publish","type":"post","link":"https:\/\/blog.polityka.pl\/adamczewski\/2008\/04\/16\/zgadnij-co-gotujemy86-2\/","title":{"rendered":"Zgadnij co gotujemy?(86)"},"content":{"rendered":"<p>Dzi\u015b zgadywanka herbaciana. Siedz\u0119 bowiem zanurzony w li\u015bciach herbaty a\u017c po same uszy. I popijam herbat\u0119 by od\u015bwie\u017cy\u0107 umys\u0142. A w zamian nietypowa nagroda: ksi\u0105\u017cka napisana przez s\u0142ynnego autora powie\u015bci sensacyjnych Johna Le Carre? a zatytu\u0142owana ?Pie\u015b\u0144 misji?. Znawcy tej literatury twierdz\u0105, \u017ce to najlepsza ksi\u0105\u017cka tego\u017c autora. Podobno s\u0105 w niej te\u017c elementy kulinarne wi\u0119c mo\u017cna to dzie\u0142o zaproponowa\u0107 jako nagrod\u0119 na tym blogu. Aby ksi\u0105\u017ck\u0119 opatrzon\u0105 (niestety tylko moja) dedykacj\u0105  otrzyma\u0107 &#8211; trzeba odpowiedzie\u0107 na trzy pytania (bezb\u0142\u0119dnie oczywi\u015bcie) i spiesznie wys\u0142a\u0107 list na adres:  internet@polityka.com.pl<\/p>\n<p>A oto pytania:<\/p>\n<p>1. Chi\u0144ski cesarz Shen Nong (odkrywca i popularyzator herbaty) nosi\u0142 pi\u0119kny przydomek zwi\u0105zany z jego mi\u0142o\u015bci\u0105 do uprawy ro\u015blin &#8211; jak nazywano cesarza?<br \/>\n2. Czego (i dlaczego) za\u017c\u0105da\u0142a kr\u00f3lowa Wiktoria w dniu swojej koronacji czyli 28 czerwca 1837 r?<br \/>\n3. Kt\u00f3ry z polskich monarch\u00f3w jako pierwszy zetkn\u0105\u0142 si\u0119 z herbat\u0105 i prosi\u0142 listownie sw\u0105 ma\u0142\u017conk\u0119 o pomoc w kwestii stosowania tego napoju?<\/p>\n<p>Ju\u017c siadajcie do komputer\u00f3w. Czekam na listy i przygotowuj\u0119 ksi\u0105\u017ck\u0119 do wysy\u0142ki. Powodzenia!<\/p>\n","protected":false},"excerpt":{"rendered":"<p>Dzi\u015b zgadywanka herbaciana. Siedz\u0119 bowiem zanurzony w li\u015bciach herbaty a\u017c po same uszy. I popijam herbat\u0119 by od\u015bwie\u017cy\u0107 umys\u0142. A w zamian nietypowa nagroda: ksi\u0105\u017cka napisana przez s\u0142ynnego autora powie\u015bci sensacyjnych Johna Le Carre? a zatytu\u0142owana ?Pie\u015b\u0144 misji?. Znawcy tej literatury twierdz\u0105, \u017ce to najlepsza ksi\u0105\u017cka tego\u017c autora. Podobno s\u0105 w niej te\u017c elementy kulinarne [&hellip;]<\/p>\n","protected":false},"author":2,"featured_media":0,"comment_status":"open","ping_status":"open","sticky":false,"template":"","format":"standard","meta":{"footnotes":""},"categories":[1],"tags":[],"_links":{"self":[{"href":"https:\/\/blog.polityka.pl\/adamczewski\/wp-json\/wp\/v2\/posts\/471"}],"collection":[{"href":"https:\/\/blog.polityka.pl\/adamczewski\/wp-json\/wp\/v2\/posts"}],"about":[{"href":"https:\/\/blog.polityka.pl\/adamczewski\/wp-json\/wp\/v2\/types\/post"}],"author":[{"embeddable":true,"href":"https:\/\/blog.polityka.pl\/adamczewski\/wp-json\/wp\/v2\/users\/2"}],"replies":[{"embeddable":true,"href":"https:\/\/blog.polityka.pl\/adamczewski\/wp-json\/wp\/v2\/comments?post=471"}],"version-history":[{"count":0,"href":"https:\/\/blog.polityka.pl\/adamczewski\/wp-json\/wp\/v2\/posts\/471\/revisions"}],"wp:attachment":[{"href":"https:\/\/blog.polityka.pl\/adamczewski\/wp-json\/wp\/v2\/media?parent=471"}],"wp:term":[{"taxonomy":"category","embeddable":true,"href":"https:\/\/blog.polityka.pl\/adamczewski\/wp-json\/wp\/v2\/categories?post=471"},{"taxonomy":"post_tag","embeddable":true,"href":"https:\/\/blog.polityka.pl\/adamczewski\/wp-json\/wp\/v2\/tags?post=471"}],"curies":[{"name":"wp","href":"https:\/\/api.w.org\/{rel}","templated":true}]}}