
{"id":473,"date":"2008-04-18T08:00:46","date_gmt":"2008-04-18T06:00:46","guid":{"rendered":"http:\/\/adamczewski.blog.polityka.pl\/?p=473"},"modified":"2008-04-17T13:13:44","modified_gmt":"2008-04-17T11:13:44","slug":"pedzi-ludwik-pod-prad","status":"publish","type":"post","link":"https:\/\/blog.polityka.pl\/adamczewski\/2008\/04\/18\/pedzi-ludwik-pod-prad\/","title":{"rendered":"P\u0119dzi Ludwik pod pr\u0105d"},"content":{"rendered":"<p>Najnowsza ksi\u0105\u017cka profesora Stommy nosi do\u015b\u0107 zniech\u0119caj\u0105cy dla przeci\u0119tnego czytelnika pod tytu\u0142 &#8222;Antropologia historii&#8221;. Sam tytu\u0142 jest ju\u017c ciekawszy: ?A je\u015bli by\u0142o inaczej&#8230;? Ludwik Stomma jest autorem uwielbiaj\u0105cym prowokowa\u0107 zar\u00f3wno czytelnik\u00f3w, jak i naukowe \u015brodowisko. I taka w\u0142a\u015bnie jest ta ksi\u0105\u017cka: prowokuj\u0105ca, bulwersuj\u0105ca, burz\u0105ca dotychczasowe stereotypy.<\/p>\n<p>Ju\u017c pierwszy rozdzia\u0142, w kt\u00f3rym zajmujemy si\u0119 d\u0142ugo\u015bci\u0105 \u017cycia ludzkiego na przestrzeni tysi\u0105cleci &#8211; wprowadza nas w zafa\u0142szowany przez historyk\u00f3w i artyst\u00f3w \u015bwiat minionych epok. Wszyscy mamy w pami\u0119ci, zw\u0142aszcza dzi\u0119ki filmom i obrazom, dziewcz\u0119c\u0105 posta\u0107 Joanny d&#8217;Arc, stoj\u0105c\u0105 przed s\u0119dziwymi s\u0119dziami i katami. Wiadomo by\u0142o, i\u017c owi starcy to dziewcz\u0119 musz\u0105 zlikwidowa\u0107. Tymczasem Stomma spokojnie stwierdza, i\u017c \u015bwi\u0119ta Joanna mia\u0142a w\u00f3wczas 17 lat, a Karol VII by\u0142 zaledwie 25-latkiem. Jego dow\u00f3dcy za\u015b r\u00f3wnie\u017c byli dwudziestoparolatkami. Wiek wi\u0119c w tym przypadku nie mia\u0142 \u017cadnego znaczenia. Pow\u00f3d musia\u0142 by\u0107 inny. Jaki?!<\/p>\n<p>Polscy wielbiciele tw\u00f3rczo\u015bci Sienkiewicza tak\u017ce znajd\u0105 tej w ksi\u0105\u017cce co\u015b dla siebie. Ot\u00f3\u017c w &#8222;Krzy\u017cakach&#8221; w przydro\u017cnej karczmie rycerz Ma\u0107ko z Bogda\u0144ca przedstawia swego bratanka Zbyszka twierdz\u0105c, \u017ce \u00f3w 18-latek b\u0119dzie stara\u0142 si\u0119 o pas rycerski. Tymczasem w tamtej epoce rycerskie pasy rozdawano 14- i 15-latkom i tacy w\u0142a\u015bnie gin\u0119li w bitwie pod Grunwaldem. 18-latek bez godno\u015bci rycerskiej by\u0142by po\u015bmiewiskiem. A jak tu \u015bmia\u0107 si\u0119 z bohatera naszego dzieci\u0144stwa?<\/p>\n<p>Sporo miejsca w ksi\u0105\u017cce zajmuje niezwykle &#8211; zw\u0142aszcza dla nas wszystkich z blogu &#8222;Gotuj si\u0119&#8221; &#8211; interesuj\u0105cy rozdzia\u0142 zatytu\u0142owany &#8222;Kuchnia&#8221;. Tu autor rozprawia si\u0119 m. in. z polsk\u0105 niech\u0119ci\u0105 do zjadania mi\u0119sa baraniego, kociego, psiego, szczurzego, ptak\u00f3w \u015bpiewaj\u0105cych czy owoc\u00f3w morza. Tu autor ksi\u0105\u017cki, mimo \u017ce uczony i to wyk\u0142adaj\u0105cy w renomowanej paryskiej uczelni, dostanie po \u0142bie od mi\u0142o\u015bnik\u00f3w kot\u00f3w i ps\u00f3w (dotyczy to zw\u0142aszcza mi\u0142o\u015bnik\u00f3w Bobika, kt\u00f3ry jest pod szczeg\u00f3lnym nadzorem). Ale Ludwik liczy si\u0119 z tym. I prawd\u0119 m\u00f3wi\u0105c lubi zadymy. Nawet je\u015bli przy okazji z\u0142apie par\u0119 siniak\u00f3w czy guz\u00f3w.<\/p>\n<p>Nie ogranicza si\u0119 autor tylko do naszego kraju. R\u00f3wnie bulwersuj\u0105ce s\u0105 fragmenty m\u00f3wi\u0105ce o bardzo silnych podzia\u0142ach spo\u0142ecznych panuj\u0105cych we Francji i stawiaj\u0105cych w opozycji bezczosnkow\u0105 p\u00f3\u0142noc do silnie czosnkowego po\u0142udnia. Warto poczyta\u0107. Ksi\u0105\u017cka jest ju\u017c w ksi\u0119garniach a wyda\u0142a j\u0105 pozna\u0144ska oficyna &#8222;Sens&#8221;.<\/p>\n<p>PS. Do dzisiejszego wpisu do\u0142\u0105czam kilka zdj\u0119\u0107 z ca\u0142ej serii, kt\u00f3r\u0105 dostaj\u0119 od nieznanego fotografa. Wszystkie zdj\u0119cia \u0142\u0105czy jeden element &#8211; moja ksi\u0105\u017cka &#8222;M\u0119skie gotowanie&#8221;. Kto\u015b je\u017adzi po Polsce i Europie ( a nawet by\u0142 w jaskini) i fotografuje t\u0119 ksi\u0105\u017ceczk\u0119 na tle a to Berlina, a to Wroc\u0142awia, a to innego miasta. Bardzo to dla mnie mi\u0142e widok takiej w\u0119druj\u0105cej ksi\u0105\u017ceczki. Prosz\u0119 wi\u0119c ujawnij si\u0119 nieznany Czytelniku. Je\u015bli nie, to trudno &#8211; dzi\u0119kuj\u0119 Ci Mi\u0142y Anonimie!<\/p>\n<p><img loading=\"lazy\" decoding=\"async\" src=\"http:\/\/adamczewski.blog.polityka.pl\/wp-content\/uploads\/2006\/2008_04\/adamczewski_blog_04.jpg\" alt=\"adamczewski_blog_04.jpg\" title=\"adamczewski_blog_04.jpg\" border=\"0\" height=\"293\" hspace=\"5\" vspace=\"5\" width=\"450\" \/><\/p>\n<p><img loading=\"lazy\" decoding=\"async\" src=\"http:\/\/adamczewski.blog.polityka.pl\/wp-content\/uploads\/2006\/2008_04\/adamczewski_blog_05.jpg\" alt=\"adamczewski_blog_05.jpg\" title=\"adamczewski_blog_05.jpg\" border=\"0\" height=\"333\" hspace=\"5\" vspace=\"5\" width=\"450\" \/><\/p>\n<p><img loading=\"lazy\" decoding=\"async\" src=\"http:\/\/adamczewski.blog.polityka.pl\/wp-content\/uploads\/2006\/2008_04\/adamczewski_blog_06.jpg\" alt=\"adamczewski_blog_06.jpg\" title=\"adamczewski_blog_06.jpg\" border=\"0\" height=\"276\" hspace=\"5\" vspace=\"5\" width=\"450\" \/><\/p>\n<p><img loading=\"lazy\" decoding=\"async\" src=\"http:\/\/adamczewski.blog.polityka.pl\/wp-content\/uploads\/2006\/2008_04\/adamczewski_blog_07.jpg\" alt=\"adamczewski_blog_07.jpg\" title=\"adamczewski_blog_07.jpg\" border=\"0\" height=\"308\" hspace=\"5\" vspace=\"5\" width=\"450\" \/><\/p>\n<p><img loading=\"lazy\" decoding=\"async\" src=\"http:\/\/adamczewski.blog.polityka.pl\/wp-content\/uploads\/2006\/2008_04\/adamczewski_blog_08.jpg\" alt=\"adamczewski_blog_08.jpg\" title=\"adamczewski_blog_08.jpg\" border=\"0\" height=\"333\" hspace=\"5\" vspace=\"5\" width=\"450\" \/><\/p>\n<p><img loading=\"lazy\" decoding=\"async\" src=\"http:\/\/adamczewski.blog.polityka.pl\/wp-content\/uploads\/2006\/2008_04\/adamczewski_blog_09.jpg\" alt=\"adamczewski_blog_09.jpg\" title=\"adamczewski_blog_09.jpg\" border=\"0\" height=\"673\" hspace=\"5\" vspace=\"5\" width=\"450\" \/><\/p>\n","protected":false},"excerpt":{"rendered":"<p>Najnowsza ksi\u0105\u017cka profesora Stommy nosi do\u015b\u0107 zniech\u0119caj\u0105cy dla przeci\u0119tnego czytelnika pod tytu\u0142 &#8222;Antropologia historii&#8221;. Sam tytu\u0142 jest ju\u017c ciekawszy: ?A je\u015bli by\u0142o inaczej&#8230;? Ludwik Stomma jest autorem uwielbiaj\u0105cym prowokowa\u0107 zar\u00f3wno czytelnik\u00f3w, jak i naukowe \u015brodowisko. I taka w\u0142a\u015bnie jest ta ksi\u0105\u017cka: prowokuj\u0105ca, bulwersuj\u0105ca, burz\u0105ca dotychczasowe stereotypy. Ju\u017c pierwszy rozdzia\u0142, w kt\u00f3rym zajmujemy si\u0119 d\u0142ugo\u015bci\u0105 \u017cycia [&hellip;]<\/p>\n","protected":false},"author":2,"featured_media":0,"comment_status":"open","ping_status":"open","sticky":false,"template":"","format":"standard","meta":{"footnotes":""},"categories":[1],"tags":[],"_links":{"self":[{"href":"https:\/\/blog.polityka.pl\/adamczewski\/wp-json\/wp\/v2\/posts\/473"}],"collection":[{"href":"https:\/\/blog.polityka.pl\/adamczewski\/wp-json\/wp\/v2\/posts"}],"about":[{"href":"https:\/\/blog.polityka.pl\/adamczewski\/wp-json\/wp\/v2\/types\/post"}],"author":[{"embeddable":true,"href":"https:\/\/blog.polityka.pl\/adamczewski\/wp-json\/wp\/v2\/users\/2"}],"replies":[{"embeddable":true,"href":"https:\/\/blog.polityka.pl\/adamczewski\/wp-json\/wp\/v2\/comments?post=473"}],"version-history":[{"count":0,"href":"https:\/\/blog.polityka.pl\/adamczewski\/wp-json\/wp\/v2\/posts\/473\/revisions"}],"wp:attachment":[{"href":"https:\/\/blog.polityka.pl\/adamczewski\/wp-json\/wp\/v2\/media?parent=473"}],"wp:term":[{"taxonomy":"category","embeddable":true,"href":"https:\/\/blog.polityka.pl\/adamczewski\/wp-json\/wp\/v2\/categories?post=473"},{"taxonomy":"post_tag","embeddable":true,"href":"https:\/\/blog.polityka.pl\/adamczewski\/wp-json\/wp\/v2\/tags?post=473"}],"curies":[{"name":"wp","href":"https:\/\/api.w.org\/{rel}","templated":true}]}}