
{"id":4749,"date":"2012-06-18T08:00:51","date_gmt":"2012-06-18T06:00:51","guid":{"rendered":"http:\/\/adamczewski.blog.polityka.pl\/?p=4749"},"modified":"2012-06-19T12:35:33","modified_gmt":"2012-06-19T10:35:33","slug":"osiolkowi-w-zlobie-dano","status":"publish","type":"post","link":"https:\/\/blog.polityka.pl\/adamczewski\/2012\/06\/18\/osiolkowi-w-zlobie-dano\/","title":{"rendered":"Osio\u0142kowi w \u017c\u0142obie dano"},"content":{"rendered":"<p>Niedaleko mojej wsi, tu\u017c pod Nasielskiem, dzia\u0142a nowy i wytworny hotel, ma\u0142e zoo, stawy rybne, w kt\u00f3rych wolno \u0142owi\u0107, stoi stary wiatrak, s\u0105 \u015bcie\u017cki do w\u0119dr\u00f3wek, konie pod wierzch i dwie restauracje. S\u0142owem raj dla doros\u0142ych i dla dzieci. Znam to miejsce sprzed lat, bo je\u017adzi\u0142em tam z wnukami na lekcje jazdy konnej. Ale to by\u0142o par\u0119 lat temu. Teraz\u00a0&#8211; jak g\u0142osi fama\u00a0&#8211; du\u017co si\u0119 zmieni\u0142o. Stan\u0105\u0142 nowy budynek hotelowy, inne obiekty odnowiono, wyszkolono za\u0142og\u0119 i ostatnio przyby\u0142 ca\u0142kiem nowy lokator: urodzi\u0142 si\u0119 osio\u0142ek.<br \/>\nPojechali\u015bmy wi\u0119c do Krzyczek by zobaczy\u0107 te zmiany, zje\u015b\u0107 lunch i pozna\u0107 malucha-k\u0142apoucha.<br \/>\nNowy hotel rzeczywi\u015bcie wygl\u0105da imponuj\u0105co. Na padokach ruch, kilka m\u0142odych os\u00f3b bra\u0142o lekcje konnej jazdy. W zagrodach ze zwierz\u0119tami te\u017c t\u0142oczno, bo przyby\u0142o lam (na szcz\u0119\u015bcie s\u0105 tak odgrodzone od publiczno\u015bci, \u017ce nie mog\u0105 widz\u00f3w oplu\u0107 a to ich ulubiony spos\u00f3b odstraszania natr\u0119t\u00f3w), stadko k\u00f3z chyba jest w niezmienionej liczbie. Ale najmilszym mieszka\u0144cem zoo jest malutki (16 czerwca trzytygodniowy) k\u0142apouszek. Jeszcze nie ma imienia. B\u0119dzie podobno konkurs na imi\u0119 osio\u0142ka i uroczysto\u015b\u0107 nadania mu tego przezwiska. Ciekawe jaka nagroda\u00a0&#8211; bo chyba nie jazda wierzchem na o\u015blicy, kt\u00f3ra bardzo strze\u017ce synka. A jak razem wygl\u0105daj\u0105 to wida\u0107:<\/p>\n<p><a href=\"\/wp-content\/uploads\/2012\/06\/Portret-o\u015blinny.jpg\"><img loading=\"lazy\" decoding=\"async\" class=\"aligncenter size-medium wp-image-4750\" title=\"OLYMPUS DIGITAL CAMERA\" src=\"\/wp-content\/uploads\/2012\/06\/Portret-o\u015blinny-300x225.jpg\" alt=\"\" width=\"300\" height=\"225\" srcset=\"\/adamczewski\/wp-content\/uploads\/2012\/06\/Portret-o\u015blinny-300x225.jpg 300w, \/adamczewski\/wp-content\/uploads\/2012\/06\/Portret-o\u015blinny.jpg 640w\" sizes=\"(max-width: 300px) 100vw, 300px\" \/><\/a><\/p>\n<p><a href=\"\/wp-content\/uploads\/2012\/06\/Osio\u0142ek-z-mam\u0105.jpg\"><img loading=\"lazy\" decoding=\"async\" class=\"aligncenter size-medium wp-image-4752\" title=\"OLYMPUS DIGITAL CAMERA\" src=\"\/wp-content\/uploads\/2012\/06\/Osio\u0142ek-z-mam\u0105-300x225.jpg\" alt=\"\" width=\"300\" height=\"225\" srcset=\"\/adamczewski\/wp-content\/uploads\/2012\/06\/Osio\u0142ek-z-mam\u0105-300x225.jpg 300w, \/adamczewski\/wp-content\/uploads\/2012\/06\/Osio\u0142ek-z-mam\u0105.jpg 640w\" sizes=\"(max-width: 300px) 100vw, 300px\" \/><\/a><\/p>\n<p>Po wizycie zapoznawczej, kt\u00f3ra by\u0142a kr\u00f3tka jak na pierwszy raz przysta\u0142o, udali\u015bmy si\u0119 do jednej z dwu restauracji. Wybrali\u015bmy Werand\u0119 (jest te\u017c Rybacz\u00f3wka). O jej zaletach napisz\u0119 po kolejnej wizycie, bo ta by\u0142a niezbyt udana. Mamy nadziej\u0119, \u017ce (je\u015bli dotrze do Krzyczek ten lament) nast\u0119pnym razem trafimy na wszystkie dania na w\u0142a\u015bciwym poziomie. Farma Krzyczki bowiem jest tak pi\u0119knie po\u0142o\u017cona, \u017ce mo\u017ce by\u0107 atrakcj\u0105 dla wielu mieszczuch\u00f3w chc\u0105cych sp\u0119dzi\u0107 kilka dni na \u0142onie przyrody. Tu te\u017c mog\u0105 odbywa\u0107 si\u0119 fajne spotkania, konferencje czy tzw. wyjazdy integracyjne. Ale nie samymi widokami cz\u0142ek \u017cyje. Czyli kuchnia musi dor\u00f3wnywa\u0107 otoczeniu i warunkom mieszkalnym.<br \/>\n<a href=\"\/wp-content\/uploads\/2012\/06\/Na-wybiegu.jpg\"><img loading=\"lazy\" decoding=\"async\" class=\"aligncenter size-medium wp-image-4751\" title=\"OLYMPUS DIGITAL CAMERA\" src=\"\/wp-content\/uploads\/2012\/06\/Na-wybiegu-300x225.jpg\" alt=\"\" width=\"300\" height=\"225\" srcset=\"\/adamczewski\/wp-content\/uploads\/2012\/06\/Na-wybiegu-300x225.jpg 300w, \/adamczewski\/wp-content\/uploads\/2012\/06\/Na-wybiegu.jpg 640w\" sizes=\"(max-width: 300px) 100vw, 300px\" \/><\/a><\/p>\n<p>Tymczasem pa, osio\u0142ku. Daj zna\u0107 jak ju\u017c b\u0119dziesz mia\u0142 imi\u0119. Wpadniemy z prezentem.<\/p>\n","protected":false},"excerpt":{"rendered":"<p>Niedaleko mojej wsi, tu\u017c pod Nasielskiem, dzia\u0142a nowy i wytworny hotel, ma\u0142e zoo, stawy rybne, w kt\u00f3rych wolno \u0142owi\u0107, stoi stary wiatrak, s\u0105 \u015bcie\u017cki do w\u0119dr\u00f3wek, konie pod wierzch i dwie restauracje. S\u0142owem raj dla doros\u0142ych i dla dzieci. Znam to miejsce sprzed lat, bo je\u017adzi\u0142em tam z wnukami na lekcje jazdy konnej. Ale to [&hellip;]<\/p>\n","protected":false},"author":2,"featured_media":0,"comment_status":"open","ping_status":"open","sticky":false,"template":"","format":"standard","meta":{"footnotes":""},"categories":[1],"tags":[],"_links":{"self":[{"href":"https:\/\/blog.polityka.pl\/adamczewski\/wp-json\/wp\/v2\/posts\/4749"}],"collection":[{"href":"https:\/\/blog.polityka.pl\/adamczewski\/wp-json\/wp\/v2\/posts"}],"about":[{"href":"https:\/\/blog.polityka.pl\/adamczewski\/wp-json\/wp\/v2\/types\/post"}],"author":[{"embeddable":true,"href":"https:\/\/blog.polityka.pl\/adamczewski\/wp-json\/wp\/v2\/users\/2"}],"replies":[{"embeddable":true,"href":"https:\/\/blog.polityka.pl\/adamczewski\/wp-json\/wp\/v2\/comments?post=4749"}],"version-history":[{"count":7,"href":"https:\/\/blog.polityka.pl\/adamczewski\/wp-json\/wp\/v2\/posts\/4749\/revisions"}],"predecessor-version":[{"id":4769,"href":"https:\/\/blog.polityka.pl\/adamczewski\/wp-json\/wp\/v2\/posts\/4749\/revisions\/4769"}],"wp:attachment":[{"href":"https:\/\/blog.polityka.pl\/adamczewski\/wp-json\/wp\/v2\/media?parent=4749"}],"wp:term":[{"taxonomy":"category","embeddable":true,"href":"https:\/\/blog.polityka.pl\/adamczewski\/wp-json\/wp\/v2\/categories?post=4749"},{"taxonomy":"post_tag","embeddable":true,"href":"https:\/\/blog.polityka.pl\/adamczewski\/wp-json\/wp\/v2\/tags?post=4749"}],"curies":[{"name":"wp","href":"https:\/\/api.w.org\/{rel}","templated":true}]}}