
{"id":4759,"date":"2012-06-20T08:00:40","date_gmt":"2012-06-20T06:00:40","guid":{"rendered":"http:\/\/adamczewski.blog.polityka.pl\/?p=4759"},"modified":"2012-06-17T16:17:49","modified_gmt":"2012-06-17T14:17:49","slug":"zgadnij-co-gotujemy-128","status":"publish","type":"post","link":"https:\/\/blog.polityka.pl\/adamczewski\/2012\/06\/20\/zgadnij-co-gotujemy-128\/","title":{"rendered":"Zgadnij co gotujemy"},"content":{"rendered":"<p><strong><a href=\"\/wp-content\/uploads\/2012\/06\/Blogowa-nagroda-2.jpg\"><img loading=\"lazy\" decoding=\"async\" class=\"aligncenter size-medium wp-image-4760\" title=\"OLYMPUS DIGITAL CAMERA\" src=\"\/wp-content\/uploads\/2012\/06\/Blogowa-nagroda-2-225x300.jpg\" alt=\"\" width=\"225\" height=\"300\" \/><\/a><\/strong><\/p>\n<p>\u00a0Dzi\u015b do wygrania ksi\u0105\u017cka, autora znanego czytelnikom &#8222;Polityki&#8221; i nie tylko im. Krzysztof Mroziewicz jest wybitnym publicysta i reporterem, znawc\u0105 tematyki zagranicznej, zw\u0142aszcza Ameryki \u0141aci\u0144skiej i subkontynentu indyjskiego. A ksi\u0105\u017cka przeznaczona na nagrod\u0119 to &#8222;Fidelada&#8221; czyli relacje z wielu i wielotygodniowych pobyt\u00f3w na Kubie. To bardzo ciekawa lektura.<\/p>\n<p>Jak zwykle nale\u017cy szybko wys\u0142a\u0107 odpowiedzi na adres <a href=\"mailto:internet@polityka.com.pl\">internet@polityka.com.pl<\/a>\u00a0 (je\u015bli to pierwszy raz, to prosz\u0119 o adres pocztowy niezb\u0119dny w przypadku wygranej) i czeka\u0107 na og\u0142oszenie zwyci\u0119zcy.<\/p>\n<p>\u00a0A teraz pytania:<\/p>\n<p>\u00a01.Jednym z najpopularniejszych sos\u00f3w kuchni latynoskiej ( w tym i kuba\u0144skiej) jest Ti-Malica, co wchodzi w sk\u0142ad tego sosu ?<\/p>\n<p>2.Typowym daniem kuba\u0144skim jest moros y cristianos czyli maurowie i chrze\u015bcijanie, co to takiego?<\/p>\n<p>3.R\u00f3wnie popularnym daniem na Kubie jest ropa vieja, brzmi to po polsku okropnie ale pysznie smakuje, jakie to danie?<\/p>\n<p>\u00a0Teraz prosz\u0119 o szybkie wys\u0142anie odpowiedzi tu: <a href=\"mailto:internet@polityka.com.pl\">internet@polityka.com.pl<\/a>\u00a0 i ksi\u0105\u017cka\u00a0 zostanie wyekspediowana pod wskazany adres.<\/p>\n","protected":false},"excerpt":{"rendered":"<p>\u00a0Dzi\u015b do wygrania ksi\u0105\u017cka, autora znanego czytelnikom &#8222;Polityki&#8221; i nie tylko im. Krzysztof Mroziewicz jest wybitnym publicysta i reporterem, znawc\u0105 tematyki zagranicznej, zw\u0142aszcza Ameryki \u0141aci\u0144skiej i subkontynentu indyjskiego. A ksi\u0105\u017cka przeznaczona na nagrod\u0119 to &#8222;Fidelada&#8221; czyli relacje z wielu i wielotygodniowych pobyt\u00f3w na Kubie. To bardzo ciekawa lektura. Jak zwykle nale\u017cy szybko wys\u0142a\u0107 odpowiedzi na [&hellip;]<\/p>\n","protected":false},"author":2,"featured_media":0,"comment_status":"open","ping_status":"open","sticky":false,"template":"","format":"standard","meta":{"footnotes":""},"categories":[1],"tags":[],"_links":{"self":[{"href":"https:\/\/blog.polityka.pl\/adamczewski\/wp-json\/wp\/v2\/posts\/4759"}],"collection":[{"href":"https:\/\/blog.polityka.pl\/adamczewski\/wp-json\/wp\/v2\/posts"}],"about":[{"href":"https:\/\/blog.polityka.pl\/adamczewski\/wp-json\/wp\/v2\/types\/post"}],"author":[{"embeddable":true,"href":"https:\/\/blog.polityka.pl\/adamczewski\/wp-json\/wp\/v2\/users\/2"}],"replies":[{"embeddable":true,"href":"https:\/\/blog.polityka.pl\/adamczewski\/wp-json\/wp\/v2\/comments?post=4759"}],"version-history":[{"count":2,"href":"https:\/\/blog.polityka.pl\/adamczewski\/wp-json\/wp\/v2\/posts\/4759\/revisions"}],"predecessor-version":[{"id":4762,"href":"https:\/\/blog.polityka.pl\/adamczewski\/wp-json\/wp\/v2\/posts\/4759\/revisions\/4762"}],"wp:attachment":[{"href":"https:\/\/blog.polityka.pl\/adamczewski\/wp-json\/wp\/v2\/media?parent=4759"}],"wp:term":[{"taxonomy":"category","embeddable":true,"href":"https:\/\/blog.polityka.pl\/adamczewski\/wp-json\/wp\/v2\/categories?post=4759"},{"taxonomy":"post_tag","embeddable":true,"href":"https:\/\/blog.polityka.pl\/adamczewski\/wp-json\/wp\/v2\/tags?post=4759"}],"curies":[{"name":"wp","href":"https:\/\/api.w.org\/{rel}","templated":true}]}}