
{"id":478,"date":"2008-04-25T08:00:06","date_gmt":"2008-04-25T06:00:06","guid":{"rendered":"http:\/\/adamczewski.blog.polityka.pl\/?p=478"},"modified":"2008-04-22T23:23:01","modified_gmt":"2008-04-22T21:23:01","slug":"lyzka-po-mapie-wokol-dolnego-slaska","status":"publish","type":"post","link":"https:\/\/blog.polityka.pl\/adamczewski\/2008\/04\/25\/lyzka-po-mapie-wokol-dolnego-slaska\/","title":{"rendered":"\u0141y\u017ck\u0105 po mapie wok\u00f3\u0142 Dolnego \u015al\u0105ska"},"content":{"rendered":"<p>Dla w\u0119drowc\u00f3w wa\u017cny jest ka\u017cdy taki adres. W tym tygodniu uka\u017ce si\u0119 w &#8222;Polityce&#8221; pierwszy zeszycik turystyczny zawieraj\u0105cy i wybrane przeze mnie lokale. A Wy b\u0119dziecie mieli te, kt\u00f3re w tygodniku znajd\u0105 si\u0119 dopiero za par\u0119 tygodni.<\/p>\n<p>Jankowice, &#8222;Karczma u Michelle&#8221;, tel. (071) 797 10 83,\u00a0 <a href=\"http:\/\/www.karczma-michelle.pl \">www.karczma-michelle.pl<\/a><br \/>\nPar\u0119 kilometr\u00f3w za O\u0142aw\u0105 w stron\u0119 Wroc\u0142awia jest karczma, kt\u00f3rej niespos\u00f3b nie zauwa\u017cy\u0107. \u015amig\u0142a wiatraka umocowane na wielkiej kr\u0105g\u0142ej baszcie zwracaj\u0105 uwag\u0119 podr\u00f3\u017cuj\u0105cych. Warto si\u0119 zatrzyma\u0107, bo tu podaj\u0105 raki. Nie jest to w Polsce zbyt cz\u0119ste mimo, \u017ce raki wr\u00f3ci\u0142y do nieco czystszych rzek i jezior. Reszta propozycji menu poprawna: flaki, bigos, gicz ciel\u0119ca. Mo\u017cna te\u017c po\u0142akomi\u0107 si\u0119 na borowiki zapiekane w postaci kremu, w garnku zalepianym ciastem francuskim.<\/p>\n<p>Pustkowo, &#8222;Zajazd Hema&#8221;, ul. Ozimska 69a, tel. (077) 465 52 58, <a href=\"http:\/\/www.hema.ow.pl\">www.hema.ow.pl<\/a><br \/>\nW dolinie Ma\u0142ej Panwi, zaledwie 2 kilometry od wielkiego Jeziora Turawskiego rozlokowa\u0142 si\u0119 spory zajazd z dobra restauracj\u0105. Doskona\u0142e miejsce dla mi\u0142o\u015bnik\u00f3w wycieczek rowerowych lub sport\u00f3w wodnych. W restauracji panuje kuchnia \u015bl\u0105ska do\u015b\u0107 ci\u0119\u017cka ale bardzo smaczna. Prawd\u0119 m\u00f3wi\u0105c \u015bniadania s\u0105 tak pyszne i obfite, \u017ce wystarczaj\u0105 a\u017c do kolacji.<\/p>\n<p>Dobrze\u0144 Wielki, &#8222;Kuchnia \u015al\u0105ska, ul. Strzelc\u00f3w Bytomskich 1, tel. (077) 469 50 80, <a href=\"http:\/\/www.kuchniaslaska.opole.pl\">www.kuchniaslaska.opole.pl<\/a><br \/>\nTu kr\u00f3luje kuchnia \u015al\u0105ska Opolskiego. S\u0105 wi\u0119c czarne kluski z g\u0119sina, golonka duszona w piwie, krupniok, gulasz z jelenia. Dla amator\u00f3w l\u017cejszego jedzenia dobry pstr\u0105g z migda\u0142ami. Godne uwagi &#8211; acz ostro\u017cnej &#8211; jest &#8222;Jad\u0142o drwala&#8221;.<\/p>\n<p>Kudowa, &#8222;Stary M\u0142yn&#8221;, ul. Fredry 10,\u00a0 tel. (074) 866 36 01, <a href=\"http:\/\/www.kudowa.pl\/mlyn\">www.kudowa.pl\/mlyn<\/a><br \/>\nDwa kilometry przed przej\u015bciem granicznym Kudowa-S\u0142one, obok drogi prowadz\u0105cej do Wiednia, w zabudowaniach zabytkowego m\u0142yna ulokowano restauracj\u0119, kt\u00f3rej specjalno\u015bci\u0105 s\u0105 pstr\u0105gi i karpie oraz zupa czosnkowa zwana tu cappuccino czosnkowe z grzank\u0105. Bardzo dobre.<\/p>\n<p>Wa\u0142brzych, &#8222;Brama&#8221;, ul. Piast\u00f3w \u015al\u0105skich 1, tel. (074) 664 64 48, <a href=\"http:\/\/www.mirjan.pl\/brama\">www.mirjan.pl\/brama<\/a><br \/>\nW jednym z najpi\u0119kniejszych kompleks\u00f3w zamkowych w Polsce mie\u015bci si\u0119 restauracja specjalizuj\u0105ca si\u0119 w kuchni polskiej &#8211; zw\u0142aszcza potrawy z dziczyzny oraz \u015br\u00f3dziemnomorskiej &#8211; z przechy\u0142em w\u0142oskim. Bardzo smacznie lecz nie tanio.<\/p>\n<p>Lubach\u00f3w, &#8222;Fregata&#8221;, przy drodze z Jedliny Zdr\u00f3j do \u015awidnicy, tel. (074) 850 99 25, <a href=\"http:\/\/www.fregata.org.pl\">www.fregata.org.pl<\/a><br \/>\nNad samym Jeziorem Bystrzyckim, w\u015br\u00f3d las\u00f3w G\u00f3r Sowich, mie\u015bci si\u0119 pensjonat i restauracja proponuj\u0105ca dobre jad\u0142o i \u015bwietny wypoczynek. Atrakcj\u0105 jest ca\u0142oroczne jacuzzi na powietrzu, a w lecie cz\u0119\u015b\u0107 restauracji wype\u0142za na jezioro. W\u015br\u00f3d da\u0144 kr\u00f3luj\u0105 grzyby i mi\u0119sa z grzybami oraz ryby. I szkoda, \u017ce najlepszym daniem jest sola z patelni a nie ryba z tutejszego jeziora.<\/p>\n<p>Bolk\u00f3w, &#8222;Bolk\u00f3w&#8221;, ul. Sienkiewicza 17, tel. (075) 741 33 41, <a href=\"http:\/\/www.hotel-bolkow.pl\">www.hotel-bolkow.pl<\/a><br \/>\nNie wiem czy has\u0142o reklamowe lokalu, \u017ce to najlepsza kuchnia na Dolnym \u015al\u0105sku, jest prawdziwe, bo nie znam wszystkich konkurent\u00f3w &#8222;Bolkowa&#8221;. Fakt, \u017ce jest tu dobry \u017cur i doskona\u0142y kr\u00f3lik w \u015bmietanie. A w niedziele na sto\u0142ach pojawia si\u0119 kaczka z jab\u0142kami, za kt\u00f3r\u0105 pod\u0105\u017c\u0105 koncertuj\u0105cy akordeonista.<\/p>\n<p>Legnica, &#8222;Tivoli&#8221;, ul. Z\u0142otoryjska 21, tel. (076),862 23 04, <a href=\"http:\/\/www.restayracjativoli.pl\">www.restayracjativoli.pl<\/a><br \/>\nNajstarsza na Dolnym \u015al\u0105sku restauracja \u015bwi\u0119tuj\u0105ca ju\u017c 61 urodziny nadal dobrze prosperuje. \u0141\u0105czy ona ofert\u0119 dla cia\u0142a (obfita karta da\u0144) z propozycjami dla ducha (galeria rysunk\u00f3w Satyrykonu). Po\u0142\u0105czeniem tych dw\u00f3ch kierunk\u00f3w dzia\u0142ania &#8222;Tivoli&#8221; jest galeria talerzy ozdobionych przez najwybitniejszych grafik\u00f3w-satyryk\u00f3w. Szokiem s\u0105 tutejsze ceny: barszcz czerwony &#8211; 2,8z\u0142, golonka pieczona w piwie &#8211; 5 z\u0142 10 dag. S\u0105 oczywi\u015bcie i dania dro\u017csze ale nie osza\u0142amiaj\u0105co. Blef burgignon czyli wo\u0142owina gotowana w winie 22 z\u0142, a szlagier tutejszej kuchni &#8211; trzy (wielkie i kruche) plastry pol\u0119dwicy z tartym chrzanem\u00a0 oraz warzywami i frytkami 46 z\u0142.<\/p>\n<p>Wroc\u0142aw, &#8222;Karczma Lwowska&#8221;, Rynek 4, tel. (071) 343 98 87, <a href=\"http:\/\/www.lwowska.com.pl\">www.lwowska.com.pl<\/a><br \/>\nNa wroc\u0142awskim Rynku co krok to restauracja. Wi\u0119kszo\u015b\u0107 przyzwoita. &#8222;Karczma Lwowska&#8221; wabi mi\u0142o\u015bnik\u00f3w kultury i potraw kresowych. S\u0105 tu dania autentycznej kuchni lwowskiej, a z g\u0142o\u015bnik\u00f3w lec\u0105 piosenki lwowskich batiar\u00f3w czasem bardzo frywolne (ale \u015bmieszne). Obs\u0142uga i jedzenia zale\u017c\u0105 od dnia. Raz wspania\u0142e a raz okropne. Nigry nie wiadomo na jaki dzie\u0144 trafili\u015bmy dlatego warto wiedzie\u0107, \u017ce obok s\u0105 inne lokale.<\/p>\n","protected":false},"excerpt":{"rendered":"<p>Dla w\u0119drowc\u00f3w wa\u017cny jest ka\u017cdy taki adres. W tym tygodniu uka\u017ce si\u0119 w &#8222;Polityce&#8221; pierwszy zeszycik turystyczny zawieraj\u0105cy i wybrane przeze mnie lokale. A Wy b\u0119dziecie mieli te, kt\u00f3re w tygodniku znajd\u0105 si\u0119 dopiero za par\u0119 tygodni. Jankowice, &#8222;Karczma u Michelle&#8221;, tel. (071) 797 10 83,\u00a0 www.karczma-michelle.pl Par\u0119 kilometr\u00f3w za O\u0142aw\u0105 w stron\u0119 Wroc\u0142awia jest [&hellip;]<\/p>\n","protected":false},"author":2,"featured_media":0,"comment_status":"open","ping_status":"open","sticky":false,"template":"","format":"standard","meta":{"footnotes":""},"categories":[1],"tags":[],"_links":{"self":[{"href":"https:\/\/blog.polityka.pl\/adamczewski\/wp-json\/wp\/v2\/posts\/478"}],"collection":[{"href":"https:\/\/blog.polityka.pl\/adamczewski\/wp-json\/wp\/v2\/posts"}],"about":[{"href":"https:\/\/blog.polityka.pl\/adamczewski\/wp-json\/wp\/v2\/types\/post"}],"author":[{"embeddable":true,"href":"https:\/\/blog.polityka.pl\/adamczewski\/wp-json\/wp\/v2\/users\/2"}],"replies":[{"embeddable":true,"href":"https:\/\/blog.polityka.pl\/adamczewski\/wp-json\/wp\/v2\/comments?post=478"}],"version-history":[{"count":0,"href":"https:\/\/blog.polityka.pl\/adamczewski\/wp-json\/wp\/v2\/posts\/478\/revisions"}],"wp:attachment":[{"href":"https:\/\/blog.polityka.pl\/adamczewski\/wp-json\/wp\/v2\/media?parent=478"}],"wp:term":[{"taxonomy":"category","embeddable":true,"href":"https:\/\/blog.polityka.pl\/adamczewski\/wp-json\/wp\/v2\/categories?post=478"},{"taxonomy":"post_tag","embeddable":true,"href":"https:\/\/blog.polityka.pl\/adamczewski\/wp-json\/wp\/v2\/tags?post=478"}],"curies":[{"name":"wp","href":"https:\/\/api.w.org\/{rel}","templated":true}]}}