
{"id":480,"date":"2008-04-30T08:00:46","date_gmt":"2008-04-30T06:00:46","guid":{"rendered":"http:\/\/adamczewski.blog.polityka.pl\/?p=480"},"modified":"2008-04-30T08:00:46","modified_gmt":"2008-04-30T06:00:46","slug":"zgadnij-co-gotujemy88","status":"publish","type":"post","link":"https:\/\/blog.polityka.pl\/adamczewski\/2008\/04\/30\/zgadnij-co-gotujemy88\/","title":{"rendered":"Zgadnij co gotujemy?(88)"},"content":{"rendered":"<p>Znalaz\u0142em w swojej bibliotece jeszcze jeden egzemplarz przewodnika &#8222;Za sto\u0142em&#8221; napisanego wsp\u00f3lnie z prof. Andrzejem Garlickim i wydanego przez oficyn\u0119 Nowy \u015awiat. Oddam j\u0105 w dobre r\u0119ce. Aby otrzyma\u0107 ksi\u0105\u017ck\u0119 opatrzon\u0105 moja dedykacj\u0105\u00a0 a tak\u017ce autografem autor\u00f3w &#8211; trzeba odpowiedzie\u0107 na trzy pytania (bezb\u0142\u0119dnie oczywi\u015bcie) i nie zwlekaj\u0105c wys\u0142a\u0107 list na adres:\u00a0 internet@polityka.com.pl<\/p>\n<p>A oto pytania:<br \/>\n1. Francuski poeta, eseista i dyplomata a tak\u017ce wi\u0119zie\u0144 Bastylii da\u0142 swoje nazwisko s\u0142ynnemu befsztykowi. O kogo chodzi?<br \/>\n2. R\u00f3wnie\u017c pewien Anglik (jednooki i jednor\u0119ki) s\u0142yn\u0105cy z talent\u00f3w \u017ceglarskich i dzia\u0142a\u0144 mi\u0142osnych ma utrwalone nazwisko we wszystkich ksi\u0105\u017ckach kucharskich. Kt\u00f3\u017c to ?<br \/>\n3. Rosjanie tak\u017ce maj\u0105 swego rodaka, kupca z Nowgorodu, kt\u00f3rego nazwisko przesz\u0142o do historii kuchni w dziale gor\u0105cych przek\u0105sek. Jak si\u0119 nazywa\u0142 \u00f3w uszlachcony przez cara kupiec?<\/p>\n<p>Szybko siadajcie do komputer\u00f3w. Czekam na listy i przygotowuj\u0119 ksi\u0105\u017ck\u0119 do wysy\u0142ki. Powodzenia! I z g\u00f3ry przepraszam, \u017ce rozwi\u0105zanie i nazwisko zwyci\u0119zcy podam z op\u00f3\u017anieniem. Na wsi nie mam dost\u0119pu do internetu poniewa\u017c Telekomunikacja Polska nie dotrzyma\u0142a terminu umowy i nie za\u0142o\u017cy\u0142a mi telefonu. I teraz p\u0142ac\u0105 mi odszkodowanie (35 z\u0142 miesi\u0119cznie a\u017c do chwili uruchomienia telefonu), kt\u00f3re ma mi zrekompensowa\u0107 straty spowodowane przymusowym leniuchowaniem!<\/p>\n","protected":false},"excerpt":{"rendered":"<p>Znalaz\u0142em w swojej bibliotece jeszcze jeden egzemplarz przewodnika &#8222;Za sto\u0142em&#8221; napisanego wsp\u00f3lnie z prof. Andrzejem Garlickim i wydanego przez oficyn\u0119 Nowy \u015awiat. Oddam j\u0105 w dobre r\u0119ce. Aby otrzyma\u0107 ksi\u0105\u017ck\u0119 opatrzon\u0105 moja dedykacj\u0105\u00a0 a tak\u017ce autografem autor\u00f3w &#8211; trzeba odpowiedzie\u0107 na trzy pytania (bezb\u0142\u0119dnie oczywi\u015bcie) i nie zwlekaj\u0105c wys\u0142a\u0107 list na adres:\u00a0 internet@polityka.com.pl A oto [&hellip;]<\/p>\n","protected":false},"author":2,"featured_media":0,"comment_status":"open","ping_status":"open","sticky":false,"template":"","format":"standard","meta":{"footnotes":""},"categories":[1],"tags":[],"_links":{"self":[{"href":"https:\/\/blog.polityka.pl\/adamczewski\/wp-json\/wp\/v2\/posts\/480"}],"collection":[{"href":"https:\/\/blog.polityka.pl\/adamczewski\/wp-json\/wp\/v2\/posts"}],"about":[{"href":"https:\/\/blog.polityka.pl\/adamczewski\/wp-json\/wp\/v2\/types\/post"}],"author":[{"embeddable":true,"href":"https:\/\/blog.polityka.pl\/adamczewski\/wp-json\/wp\/v2\/users\/2"}],"replies":[{"embeddable":true,"href":"https:\/\/blog.polityka.pl\/adamczewski\/wp-json\/wp\/v2\/comments?post=480"}],"version-history":[{"count":0,"href":"https:\/\/blog.polityka.pl\/adamczewski\/wp-json\/wp\/v2\/posts\/480\/revisions"}],"wp:attachment":[{"href":"https:\/\/blog.polityka.pl\/adamczewski\/wp-json\/wp\/v2\/media?parent=480"}],"wp:term":[{"taxonomy":"category","embeddable":true,"href":"https:\/\/blog.polityka.pl\/adamczewski\/wp-json\/wp\/v2\/categories?post=480"},{"taxonomy":"post_tag","embeddable":true,"href":"https:\/\/blog.polityka.pl\/adamczewski\/wp-json\/wp\/v2\/tags?post=480"}],"curies":[{"name":"wp","href":"https:\/\/api.w.org\/{rel}","templated":true}]}}