
{"id":4806,"date":"2012-06-27T08:00:42","date_gmt":"2012-06-27T06:00:42","guid":{"rendered":"http:\/\/adamczewski.blog.polityka.pl\/?p=4806"},"modified":"2012-06-19T16:31:46","modified_gmt":"2012-06-19T14:31:46","slug":"zgadnij-co-gotujemy-129","status":"publish","type":"post","link":"https:\/\/blog.polityka.pl\/adamczewski\/2012\/06\/27\/zgadnij-co-gotujemy-129\/","title":{"rendered":"Zgadnij co gotujemy"},"content":{"rendered":"<p><a href=\"\/wp-content\/uploads\/2012\/06\/Pi\u0119\u0107-razy-pi\u0119\u0107-i-gotowe1.jpg\"><img loading=\"lazy\" decoding=\"async\" class=\"aligncenter size-medium wp-image-4809\" title=\"Pi\u0119\u0107 razy pi\u0119\u0107 i gotowe\" src=\"\/wp-content\/uploads\/2012\/06\/Pi\u0119\u0107-razy-pi\u0119\u0107-i-gotowe1-230x300.jpg\" alt=\"\" width=\"230\" height=\"300\" \/><\/a><\/p>\n<p>Dzi\u015b do wygrania ksi\u0105\u017cka, kt\u00f3r\u0105 prezentowa\u0142em tu pi\u0119\u0107 dni temu: &#8222;Gotujemy z 5 sk\u0142adnik\u00f3w&#8221; wydana przez Readers Digest. Nie b\u0119d\u0119 powtarza\u0142 komplement\u00f3w pod adresem wydawcy, t\u0142umaczki i redaktorek, bo kto ciekaw to mo\u017ce zajrze\u0107 do tamtego wpisu. Dzi\u015b nale\u017cy tylko wyt\u0119\u017cy\u0107 si\u0142y i znale\u017a\u0107 odpowiedzi na podsuni\u0119te pytania. A potem mo\u017cna b\u0119dzie si\u0119 popisywa\u0107 nowymi daniami i to niebanalnymi. W dodatku 200 przepis\u00f3w z tej ksi\u0105\u017cki da satysfakcj\u0119 mi\u0142o\u015bnikom r\u00f3\u017cnych kuchni i r\u00f3\u017cnorakich diet. Nie zapomniano tak\u017ce i o wegetarianach.<br \/>\nTeraz jak zwykle nale\u017cy szybko wys\u0142a\u0107 odpowiedzi na adres <a href=\"mailto:internet@polityka.com.pl\">internet@polityka.com.pl<\/a>\u00a0 (je\u015bli to pierwszy raz, to prosz\u0119 o adres pocztowy niezb\u0119dny w przypadku wygranej) i czeka\u0107 na og\u0142oszenie zwyci\u0119zcy.<\/p>\n<p>\u00a0A oto pytania:<\/p>\n<p>1.Co kryje si\u0119 za nazw\u0105 tandoori?<br \/>\n2.Co to jest tapenada?<br \/>\n3.W Tajlandii popularna jest pasta massaman, co wchodzi w jej sk\u0142ad?<\/p>\n<p>Teraz prosz\u0119 o szybkie wys\u0142anie odpowiedzi tu: <a href=\"mailto:internet@polityka.com.pl\">internet@polityka.com.pl<\/a>\u00a0 i ksi\u0105\u017cka\u00a0 zostanie wyekspediowana pod wskazany adres.<\/p>\n<p>I teraz nastapi wakacyjna przerwa zagadkowa. Do quiz\u00f3w wr\u00f3c\u0119 dopiero jesieni\u0105.<\/p>\n","protected":false},"excerpt":{"rendered":"<p>Dzi\u015b do wygrania ksi\u0105\u017cka, kt\u00f3r\u0105 prezentowa\u0142em tu pi\u0119\u0107 dni temu: &#8222;Gotujemy z 5 sk\u0142adnik\u00f3w&#8221; wydana przez Readers Digest. Nie b\u0119d\u0119 powtarza\u0142 komplement\u00f3w pod adresem wydawcy, t\u0142umaczki i redaktorek, bo kto ciekaw to mo\u017ce zajrze\u0107 do tamtego wpisu. Dzi\u015b nale\u017cy tylko wyt\u0119\u017cy\u0107 si\u0142y i znale\u017a\u0107 odpowiedzi na podsuni\u0119te pytania. A potem mo\u017cna b\u0119dzie si\u0119 popisywa\u0107 nowymi [&hellip;]<\/p>\n","protected":false},"author":2,"featured_media":0,"comment_status":"open","ping_status":"open","sticky":false,"template":"","format":"standard","meta":{"footnotes":""},"categories":[1],"tags":[],"_links":{"self":[{"href":"https:\/\/blog.polityka.pl\/adamczewski\/wp-json\/wp\/v2\/posts\/4806"}],"collection":[{"href":"https:\/\/blog.polityka.pl\/adamczewski\/wp-json\/wp\/v2\/posts"}],"about":[{"href":"https:\/\/blog.polityka.pl\/adamczewski\/wp-json\/wp\/v2\/types\/post"}],"author":[{"embeddable":true,"href":"https:\/\/blog.polityka.pl\/adamczewski\/wp-json\/wp\/v2\/users\/2"}],"replies":[{"embeddable":true,"href":"https:\/\/blog.polityka.pl\/adamczewski\/wp-json\/wp\/v2\/comments?post=4806"}],"version-history":[{"count":3,"href":"https:\/\/blog.polityka.pl\/adamczewski\/wp-json\/wp\/v2\/posts\/4806\/revisions"}],"predecessor-version":[{"id":4810,"href":"https:\/\/blog.polityka.pl\/adamczewski\/wp-json\/wp\/v2\/posts\/4806\/revisions\/4810"}],"wp:attachment":[{"href":"https:\/\/blog.polityka.pl\/adamczewski\/wp-json\/wp\/v2\/media?parent=4806"}],"wp:term":[{"taxonomy":"category","embeddable":true,"href":"https:\/\/blog.polityka.pl\/adamczewski\/wp-json\/wp\/v2\/categories?post=4806"},{"taxonomy":"post_tag","embeddable":true,"href":"https:\/\/blog.polityka.pl\/adamczewski\/wp-json\/wp\/v2\/tags?post=4806"}],"curies":[{"name":"wp","href":"https:\/\/api.w.org\/{rel}","templated":true}]}}