
{"id":486,"date":"2008-05-07T08:00:01","date_gmt":"2008-05-07T06:00:01","guid":{"rendered":"http:\/\/adamczewski.blog.polityka.pl\/?p=486"},"modified":"2008-05-07T08:00:01","modified_gmt":"2008-05-07T06:00:01","slug":"zgadnij-co-gotujemy89","status":"publish","type":"post","link":"https:\/\/blog.polityka.pl\/adamczewski\/2008\/05\/07\/zgadnij-co-gotujemy89\/","title":{"rendered":"Zgadnij co gotujemy?(89)"},"content":{"rendered":"<p>Tym razem nagrod\u0105 w quizie b\u0119dzie ulubiona ksi\u0105\u017cka kucharska naszej c\u00f3rki i jej przyjaci\u00f3\u0142ek. \u0141atwo si\u0119 domy\u015bli\u0107, \u017ce to ksi\u0105\u017cka autorstwa Barbary Adamczewskiej i Beaty Mellerowej czyli &#8222;W kuchni babci i wnuczki&#8221;. Lubi\u0105 ja te\u017c i inni czytelnicy. A wyda\u0142 j\u0105 oczywi\u015bcie &#8222;Nowy \u015awiat&#8221;.\u00a0 Aby otrzyma\u0107 ksi\u0105\u017ck\u0119 opatrzon\u0105 moja dedykacj\u0105\u00a0 a tak\u017ce autografem autorki &#8211; trzeba odpowiedzie\u0107 na trzy pytania (bezb\u0142\u0119dnie oczywi\u015bcie) i nie zwlekaj\u0105c wys\u0142a\u0107 list na adres:\u00a0 internet@polityka.com.pl<\/p>\n<p>A oto pytania:<\/p>\n<p>1. W 1894 roku w pewnym polskim czasopi\u015bmie ukaza\u0142o si\u0119 nast\u0119puj\u0105ce zdanie: &#8222;Kobieta pi\u0119kna powinna mie\u0107 1 metr 57 cm wzrostu i wa\u017cy\u0107 netto 52 do 54 kg. Staraj si\u0119 mie\u0107 apetyt dobry.&#8221; Jaki to by\u0142 tygodnik damski?<br \/>\n2. Hrabina Cecylia Plater-Zyberk za\u0142o\u017cy\u0142a w 1891 roku szko\u0142\u0119 propaguj\u0105c\u0105 najnowsze tendencje prowadzenia gospodarstwa domowego dla m\u0142odych panien z dobrych dom\u00f3w. Gdzie mie\u015bci\u0142a si\u0119 ta uczelnia?<br \/>\n3. Giovanni Giacomo Lardelli otworzy\u0142 w 1902 r\u00a0 w Warszawie przy ul. Kruczej cukierni\u0119. Jak nazywa\u0142 si\u0119 ten s\u0142odki lokal?<\/p>\n<p>Szybko siadajcie do komputer\u00f3w. Czekam na listy i przygotowuj\u0119 ksi\u0105\u017ck\u0119 do wysy\u0142ki. Powodzenia!<\/p>\n","protected":false},"excerpt":{"rendered":"<p>Tym razem nagrod\u0105 w quizie b\u0119dzie ulubiona ksi\u0105\u017cka kucharska naszej c\u00f3rki i jej przyjaci\u00f3\u0142ek. \u0141atwo si\u0119 domy\u015bli\u0107, \u017ce to ksi\u0105\u017cka autorstwa Barbary Adamczewskiej i Beaty Mellerowej czyli &#8222;W kuchni babci i wnuczki&#8221;. Lubi\u0105 ja te\u017c i inni czytelnicy. A wyda\u0142 j\u0105 oczywi\u015bcie &#8222;Nowy \u015awiat&#8221;.\u00a0 Aby otrzyma\u0107 ksi\u0105\u017ck\u0119 opatrzon\u0105 moja dedykacj\u0105\u00a0 a tak\u017ce autografem autorki &#8211; [&hellip;]<\/p>\n","protected":false},"author":2,"featured_media":0,"comment_status":"open","ping_status":"open","sticky":false,"template":"","format":"standard","meta":{"footnotes":""},"categories":[1],"tags":[],"_links":{"self":[{"href":"https:\/\/blog.polityka.pl\/adamczewski\/wp-json\/wp\/v2\/posts\/486"}],"collection":[{"href":"https:\/\/blog.polityka.pl\/adamczewski\/wp-json\/wp\/v2\/posts"}],"about":[{"href":"https:\/\/blog.polityka.pl\/adamczewski\/wp-json\/wp\/v2\/types\/post"}],"author":[{"embeddable":true,"href":"https:\/\/blog.polityka.pl\/adamczewski\/wp-json\/wp\/v2\/users\/2"}],"replies":[{"embeddable":true,"href":"https:\/\/blog.polityka.pl\/adamczewski\/wp-json\/wp\/v2\/comments?post=486"}],"version-history":[{"count":0,"href":"https:\/\/blog.polityka.pl\/adamczewski\/wp-json\/wp\/v2\/posts\/486\/revisions"}],"wp:attachment":[{"href":"https:\/\/blog.polityka.pl\/adamczewski\/wp-json\/wp\/v2\/media?parent=486"}],"wp:term":[{"taxonomy":"category","embeddable":true,"href":"https:\/\/blog.polityka.pl\/adamczewski\/wp-json\/wp\/v2\/categories?post=486"},{"taxonomy":"post_tag","embeddable":true,"href":"https:\/\/blog.polityka.pl\/adamczewski\/wp-json\/wp\/v2\/tags?post=486"}],"curies":[{"name":"wp","href":"https:\/\/api.w.org\/{rel}","templated":true}]}}