
{"id":489,"date":"2008-05-14T08:00:54","date_gmt":"2008-05-14T06:00:54","guid":{"rendered":"http:\/\/adamczewski.blog.polityka.pl\/?p=489"},"modified":"2008-05-14T08:39:40","modified_gmt":"2008-05-14T06:39:40","slug":"zgadnij-co-gotujemy90","status":"publish","type":"post","link":"https:\/\/blog.polityka.pl\/adamczewski\/2008\/05\/14\/zgadnij-co-gotujemy90\/","title":{"rendered":"Zgadnij co gotujemy?(90)"},"content":{"rendered":"<p>Przygotowuj\u0119 si\u0119 &#8211; jak i Wy zapewne te\u017c &#8211; do letnich podr\u00f3\u017cy. Czytam wi\u0119c o miejscach, w kt\u00f3rych b\u0119d\u0119 w lipcu, sierpniu i we wrze\u015bniu. I korzystam z okazji, by tanim kosztem przygotowa\u0107 te\u017c pytania kolejnego quizu. Poniewa\u017c b\u0119dzie to quiz podr\u00f3\u017cniczy to i nagroda musi by\u0107 taka. Wi\u0119c wyci\u0105gam z p\u00f3\u0142ki &#8222;Smakosza w\u0119drownego&#8221; czyli moje w\u0142asne relacje z w\u0119dr\u00f3wek po naszym globie, wydane przez oficyn\u0119 Pr\u00f3szy\u0144ski i S-ka. Aby otrzyma\u0107 ksi\u0105\u017ck\u0119 opatrzon\u0105 dedykacj\u0105 a tak\u017ce autografem autora, trzeba odpowiedzie\u0107 na trzy pytania (oczywi\u015bcie bezb\u0142\u0119dnie) i nie zwlekaj\u0105c wys\u0142a\u0107 list na adres:\u00a0\u00a0<a href=\"mailto:internet@polityka.com.pl\">internet@polityka.com.pl<\/a><\/p>\n<p>A oto pytania:<br \/>\n1. Wyspa Cejlon czyli dzisiejsza Sri Lanka by\u0142a we w\u0142adaniu kolejno kilku pa\u0144stw europejskich. Wszyscy naje\u017ad\u017acy zostawiali swoje \u015blady tak\u017ce i w tamtejszej kuchni. Frykadele czyli mi\u0119sne pulpeciki z wi\u00f3rkami kokosowymi i cynamonem przypominaj\u0105 o czyjej obecno\u015bci na wyspie?<br \/>\n2. Toskania s\u0142ynie z wielu gatunk\u00f3w pieczywa. W ka\u017cdej jej cz\u0119\u015bci spotyka si\u0119 zupe\u0142nie inne chlebki ni\u017c w s\u0105siednich regionach. Wystarczy wymieni\u0107 tylko kilka: carsenta, ciaccia, panigaccio. Wszystkie robione s\u0105 z jednego gatunku pszenicy ca\u0142kiem r\u00f3\u017cnej od przeznaczonej na makarony grano duro. Jak si\u0119 nazywa pszenica, kt\u00f3r\u0105 powszechnie siej\u0105 toska\u0144czycy?<br \/>\n3. W Anglii na \u015bniadanie spo\u015br\u00f3d proponowanych typowych da\u0144 jestem w stanie je\u015b\u0107 tylko marmolad\u0119. I przyzna\u0107 musz\u0119 jest ona \u015bwietna. Zw\u0142aszcza z owoc\u00f3w u nas ma\u0142o popularnych takich jak berberys, morwa, pigwa czy tarnina. Najbardziej lubi\u0119 marmolad\u0119 z gorzkich pomara\u0144czy. Jej pierwowz\u00f3r czyli Marmelade Dundee wymy\u015blono w 1770 roku. Jak to si\u0119 sta\u0142o?<\/p>\n<p>Szybko siadajcie do komputer\u00f3w. Czekam na listy i przygotowuj\u0119 ksi\u0105\u017ck\u0119 do wysy\u0142ki. Powodzenia!<\/p>\n<p>Ps. I znowu dosta\u0142em od tajemniczego fotoreportera kilka zdj\u0119\u0107 w\u0119druj\u0105cej po \u015bwiecie mojej ksi\u0105\u017ceczki. Oto one.<\/p>\n<p><img loading=\"lazy\" decoding=\"async\" border=\"0\" vspace=\"5\" width=\"450\" src=\"http:\/\/adamczewski.blog.polityka.pl\/wp-content\/uploads\/2008\/maj\/piotr_blog_01a.jpg\" hspace=\"5\" alt=\"piotr_blog_01a.jpg\" height=\"338\" title=\"piotr_blog_01a.jpg\" \/><\/p>\n<p><img loading=\"lazy\" decoding=\"async\" border=\"0\" vspace=\"5\" width=\"450\" src=\"http:\/\/adamczewski.blog.polityka.pl\/wp-content\/uploads\/2008\/maj\/piotr_blog_02a.jpg\" hspace=\"5\" alt=\"piotr_blog_02a.jpg\" height=\"684\" title=\"piotr_blog_02a.jpg\" \/><\/p>\n<p><img loading=\"lazy\" decoding=\"async\" border=\"0\" vspace=\"5\" width=\"450\" src=\"http:\/\/adamczewski.blog.polityka.pl\/wp-content\/uploads\/2008\/maj\/piotr_blog_03a.jpg\" hspace=\"5\" alt=\"piotr_blog_03a.jpg\" height=\"297\" title=\"piotr_blog_03a.jpg\" \/><\/p>\n<p>A mo\u017ce kto\u015b rozszyfruje posta\u0107 ukrywaj\u0105c\u0105 si\u0119 za ok\u0142adk\u0105?<\/p>\n","protected":false},"excerpt":{"rendered":"<p>Przygotowuj\u0119 si\u0119 &#8211; jak i Wy zapewne te\u017c &#8211; do letnich podr\u00f3\u017cy. Czytam wi\u0119c o miejscach, w kt\u00f3rych b\u0119d\u0119 w lipcu, sierpniu i we wrze\u015bniu. I korzystam z okazji, by tanim kosztem przygotowa\u0107 te\u017c pytania kolejnego quizu. Poniewa\u017c b\u0119dzie to quiz podr\u00f3\u017cniczy to i nagroda musi by\u0107 taka. Wi\u0119c wyci\u0105gam z p\u00f3\u0142ki &#8222;Smakosza w\u0119drownego&#8221; czyli [&hellip;]<\/p>\n","protected":false},"author":2,"featured_media":0,"comment_status":"open","ping_status":"open","sticky":false,"template":"","format":"standard","meta":{"footnotes":""},"categories":[1],"tags":[],"_links":{"self":[{"href":"https:\/\/blog.polityka.pl\/adamczewski\/wp-json\/wp\/v2\/posts\/489"}],"collection":[{"href":"https:\/\/blog.polityka.pl\/adamczewski\/wp-json\/wp\/v2\/posts"}],"about":[{"href":"https:\/\/blog.polityka.pl\/adamczewski\/wp-json\/wp\/v2\/types\/post"}],"author":[{"embeddable":true,"href":"https:\/\/blog.polityka.pl\/adamczewski\/wp-json\/wp\/v2\/users\/2"}],"replies":[{"embeddable":true,"href":"https:\/\/blog.polityka.pl\/adamczewski\/wp-json\/wp\/v2\/comments?post=489"}],"version-history":[{"count":0,"href":"https:\/\/blog.polityka.pl\/adamczewski\/wp-json\/wp\/v2\/posts\/489\/revisions"}],"wp:attachment":[{"href":"https:\/\/blog.polityka.pl\/adamczewski\/wp-json\/wp\/v2\/media?parent=489"}],"wp:term":[{"taxonomy":"category","embeddable":true,"href":"https:\/\/blog.polityka.pl\/adamczewski\/wp-json\/wp\/v2\/categories?post=489"},{"taxonomy":"post_tag","embeddable":true,"href":"https:\/\/blog.polityka.pl\/adamczewski\/wp-json\/wp\/v2\/tags?post=489"}],"curies":[{"name":"wp","href":"https:\/\/api.w.org\/{rel}","templated":true}]}}