
{"id":4918,"date":"2012-07-27T08:00:37","date_gmt":"2012-07-27T06:00:37","guid":{"rendered":"http:\/\/adamczewski.blog.polityka.pl\/?p=4918"},"modified":"2012-07-26T22:07:41","modified_gmt":"2012-07-26T20:07:41","slug":"juz-dobijam-do-brzegu","status":"publish","type":"post","link":"https:\/\/blog.polityka.pl\/adamczewski\/2012\/07\/27\/juz-dobijam-do-brzegu\/","title":{"rendered":"Ju\u017c dobijam do brzegu"},"content":{"rendered":"<p>Nie wiem co u Was s\u0142ycha\u0107, bo przez te trzy tygodnie nie mam dost\u0119pu do polskich medi\u00f3w w tym i do naszego blogu. Pisa\u0142em \u017cegnaj\u0105c si\u0119, \u017ce nie bior\u0119 laptopa rozmy\u015blnie ale teraz troch\u0119 tego \u017ca\u0142uj\u0119, bo ciekawi mnie co tam wypisujecie.<br \/>\nKorzystam wi\u0119c z okazji i sk\u0142adam meldunek: w niedziel\u0119 powinienem dobi\u0107 do kraju i cho\u0107 przejrze\u0107 blog. Mo\u017ce nawet uda mi si\u0119 wpisa\u0107 pierwszy raport z podr\u00f3\u017cy.<br \/>\nDzi\u015b wysy\u0142am tylko trzy zdj\u0119cia oddaj\u0105ce drobny fragment tego co widzia\u0142em, s\u0142ysza\u0142em i jad\u0142em.<br \/>\nDo zobaczenia!<\/p>\n<p><a href=\"\/wp-content\/uploads\/2012\/07\/Nasz-hotel-w-Aiacciu.jpg\"><img loading=\"lazy\" decoding=\"async\" class=\"aligncenter size-medium wp-image-4919\" title=\"OLYMPUS DIGITAL CAMERA\" src=\"\/wp-content\/uploads\/2012\/07\/Nasz-hotel-w-Aiacciu-300x225.jpg\" alt=\"\" width=\"300\" height=\"225\" srcset=\"\/adamczewski\/wp-content\/uploads\/2012\/07\/Nasz-hotel-w-Aiacciu-300x225.jpg 300w, \/adamczewski\/wp-content\/uploads\/2012\/07\/Nasz-hotel-w-Aiacciu-1024x768.jpg 1024w\" sizes=\"(max-width: 300px) 100vw, 300px\" \/><\/a><\/p>\n<p><em>Nasz hotel w Aiacciu (w dialekcie corsu)\u00a0lub Ajaccio (po francusku)<\/em><\/p>\n<p><a href=\"\/wp-content\/uploads\/2012\/07\/Jazz-na-Korsyce.jpg\"><img loading=\"lazy\" decoding=\"async\" class=\"aligncenter size-medium wp-image-4920\" title=\"OLYMPUS DIGITAL CAMERA\" src=\"\/wp-content\/uploads\/2012\/07\/Jazz-na-Korsyce-300x225.jpg\" alt=\"\" width=\"300\" height=\"225\" srcset=\"\/adamczewski\/wp-content\/uploads\/2012\/07\/Jazz-na-Korsyce-300x225.jpg 300w, \/adamczewski\/wp-content\/uploads\/2012\/07\/Jazz-na-Korsyce.jpg 640w\" sizes=\"(max-width: 300px) 100vw, 300px\" \/><\/a><\/p>\n<p><em>Na naszej via Roma nocami by\u0142o gwarno, jazzowo\u00a0i tanecznie<\/em><\/p>\n<p><a href=\"\/wp-content\/uploads\/2012\/07\/Langusta-na-spaghetti.jpg\"><img loading=\"lazy\" decoding=\"async\" class=\"aligncenter size-medium wp-image-4921\" title=\"OLYMPUS DIGITAL CAMERA\" src=\"\/wp-content\/uploads\/2012\/07\/Langusta-na-spaghetti-300x225.jpg\" alt=\"\" width=\"300\" height=\"225\" srcset=\"\/adamczewski\/wp-content\/uploads\/2012\/07\/Langusta-na-spaghetti-300x225.jpg 300w, \/adamczewski\/wp-content\/uploads\/2012\/07\/Langusta-na-spaghetti.jpg 640w\" sizes=\"(max-width: 300px) 100vw, 300px\" \/><\/a><\/p>\n<p><em>A jada\u0142o si\u0119 (raz) wielkie langusty<\/em><\/p>\n<p><a href=\"\/wp-content\/uploads\/2012\/07\/pla\u017ca-w-Aiacciu.jpg\"><img loading=\"lazy\" decoding=\"async\" class=\"aligncenter size-medium wp-image-4925\" title=\"OLYMPUS DIGITAL CAMERA\" src=\"\/wp-content\/uploads\/2012\/07\/pla\u017ca-w-Aiacciu-300x225.jpg\" alt=\"\" width=\"300\" height=\"225\" srcset=\"\/adamczewski\/wp-content\/uploads\/2012\/07\/pla\u017ca-w-Aiacciu-300x225.jpg 300w, \/adamczewski\/wp-content\/uploads\/2012\/07\/pla\u017ca-w-Aiacciu-1024x768.jpg 1024w\" sizes=\"(max-width: 300px) 100vw, 300px\" \/><\/a><\/p>\n<p><em>Prawdziwa rozkosz czyli pla\u017ca (krystalicznie czysta woda 25 &#8211; 26 stopni a powietrze o 10 st. wiecej)<\/em><\/p>\n","protected":false},"excerpt":{"rendered":"<p>Nie wiem co u Was s\u0142ycha\u0107, bo przez te trzy tygodnie nie mam dost\u0119pu do polskich medi\u00f3w w tym i do naszego blogu. Pisa\u0142em \u017cegnaj\u0105c si\u0119, \u017ce nie bior\u0119 laptopa rozmy\u015blnie ale teraz troch\u0119 tego \u017ca\u0142uj\u0119, bo ciekawi mnie co tam wypisujecie. Korzystam wi\u0119c z okazji i sk\u0142adam meldunek: w niedziel\u0119 powinienem dobi\u0107 do kraju [&hellip;]<\/p>\n","protected":false},"author":2,"featured_media":0,"comment_status":"open","ping_status":"open","sticky":false,"template":"","format":"standard","meta":{"footnotes":""},"categories":[1],"tags":[],"_links":{"self":[{"href":"https:\/\/blog.polityka.pl\/adamczewski\/wp-json\/wp\/v2\/posts\/4918"}],"collection":[{"href":"https:\/\/blog.polityka.pl\/adamczewski\/wp-json\/wp\/v2\/posts"}],"about":[{"href":"https:\/\/blog.polityka.pl\/adamczewski\/wp-json\/wp\/v2\/types\/post"}],"author":[{"embeddable":true,"href":"https:\/\/blog.polityka.pl\/adamczewski\/wp-json\/wp\/v2\/users\/2"}],"replies":[{"embeddable":true,"href":"https:\/\/blog.polityka.pl\/adamczewski\/wp-json\/wp\/v2\/comments?post=4918"}],"version-history":[{"count":4,"href":"https:\/\/blog.polityka.pl\/adamczewski\/wp-json\/wp\/v2\/posts\/4918\/revisions"}],"predecessor-version":[{"id":4926,"href":"https:\/\/blog.polityka.pl\/adamczewski\/wp-json\/wp\/v2\/posts\/4918\/revisions\/4926"}],"wp:attachment":[{"href":"https:\/\/blog.polityka.pl\/adamczewski\/wp-json\/wp\/v2\/media?parent=4918"}],"wp:term":[{"taxonomy":"category","embeddable":true,"href":"https:\/\/blog.polityka.pl\/adamczewski\/wp-json\/wp\/v2\/categories?post=4918"},{"taxonomy":"post_tag","embeddable":true,"href":"https:\/\/blog.polityka.pl\/adamczewski\/wp-json\/wp\/v2\/tags?post=4918"}],"curies":[{"name":"wp","href":"https:\/\/api.w.org\/{rel}","templated":true}]}}