
{"id":4932,"date":"2012-07-31T08:00:01","date_gmt":"2012-07-31T06:00:01","guid":{"rendered":"http:\/\/adamczewski.blog.polityka.pl\/?p=4932"},"modified":"2012-07-31T09:11:36","modified_gmt":"2012-07-31T07:11:36","slug":"pizza-jest-cienka-i-chrupiaca","status":"publish","type":"post","link":"https:\/\/blog.polityka.pl\/adamczewski\/2012\/07\/31\/pizza-jest-cienka-i-chrupiaca\/","title":{"rendered":"Pizza jest cienka i chrupi\u0105ca"},"content":{"rendered":"<p>Pizze jadam tylko w dwu przypadkach: gdy sam j\u0105 zrobi\u0119 lub &#8211; oczywi\u015bcie ch\u0119tniej\u00a0&#8211; gdy jestem we W\u0142oszech.<\/p>\n<p><a href=\"\/wp-content\/uploads\/2012\/07\/Klasztor-Certosa-di-Pavia.jpg\"><img loading=\"lazy\" decoding=\"async\" class=\"aligncenter size-medium wp-image-4934\" title=\"OLYMPUS DIGITAL CAMERA\" src=\"\/wp-content\/uploads\/2012\/07\/Klasztor-Certosa-di-Pavia-300x225.jpg\" alt=\"\" width=\"300\" height=\"225\" srcset=\"\/adamczewski\/wp-content\/uploads\/2012\/07\/Klasztor-Certosa-di-Pavia-300x225.jpg 300w, \/adamczewski\/wp-content\/uploads\/2012\/07\/Klasztor-Certosa-di-Pavia-1024x768.jpg 1024w\" sizes=\"(max-width: 300px) 100vw, 300px\" \/><\/a><br \/>\n<em>Klasztor pod Pavi\u0105<\/em><\/p>\n<p>Tym razem tak\u0105 okazj\u0119 mia\u0142em podczas kr\u00f3tkiego pobytu w Pavii (w\u0142oska wymowa Pawija), gdzie zatrzymali\u015bmy si\u0119 by zobaczy\u0107 najs\u0142ynniejszy w\u0142oski klasztor Kartuz\u00f3w le\u017c\u0105cy 9 km od miasteczka. W drodze do klasztoru podziwiali\u015bmy z bliska wspania\u0142e ry\u017cowiska. A potem same zabudowania klasztorne, kt\u00f3rych nie pozwalano fotografowa\u0107. Jedyne uj\u0119cie\u00a0 mo\u017cna by\u0142o wykona\u0107 sprzed bramy wej\u015bciowej. A klasztor to imponuj\u0105cy. I ko\u015bci\u00f3\u0142 tak\u017ce.<\/p>\n<p><a href=\"\/wp-content\/uploads\/2012\/07\/Ry\u017cowisko.jpg\"><img loading=\"lazy\" decoding=\"async\" class=\"aligncenter size-medium wp-image-4933\" title=\"OLYMPUS DIGITAL CAMERA\" src=\"\/wp-content\/uploads\/2012\/07\/Ry\u017cowisko-300x225.jpg\" alt=\"\" width=\"300\" height=\"225\" srcset=\"\/adamczewski\/wp-content\/uploads\/2012\/07\/Ry\u017cowisko-300x225.jpg 300w, \/adamczewski\/wp-content\/uploads\/2012\/07\/Ry\u017cowisko-1024x768.jpg 1024w\" sizes=\"(max-width: 300px) 100vw, 300px\" \/><\/a><em>Ry\u017cowisko pod klasztorem<\/em><br \/>\nPrzew\u0119drowali\u015bmy centrum historyczne tam i z powrotem, by wreszcie zasi\u0105\u015b\u0107 w knajpce na placu pod remontowana katedr\u0105 i zje\u015b\u0107 prawdziw\u0105 pizz\u0119. Ja kalabryjsk\u0105 czyli z plasterkami pikantnej kie\u0142basy a Basia oczywi\u015bcie z owocami morza. Placek by\u0142 cienki i dzi\u0119ki temu chrupi\u0105cy, co dodaje tylko apetytu. Pizze robione przez nieudanych fachowc\u00f3w s\u0105 pulchne, mi\u0119kkie i przez to rozlaz\u0142e.<br \/>\n<img loading=\"lazy\" decoding=\"async\" class=\"aligncenter size-medium wp-image-4935\" title=\"OLYMPUS DIGITAL CAMERA\" src=\"\/wp-content\/uploads\/2012\/07\/Katedra-w-Pavii-300x225.jpg\" alt=\"\" width=\"300\" height=\"225\" srcset=\"\/adamczewski\/wp-content\/uploads\/2012\/07\/Katedra-w-Pavii-300x225.jpg 300w, \/adamczewski\/wp-content\/uploads\/2012\/07\/Katedra-w-Pavii-1024x768.jpg 1024w\" sizes=\"(max-width: 300px) 100vw, 300px\" \/><\/p>\n<p><a href=\"\/wp-content\/uploads\/2012\/07\/Katedra-w-Pavii.jpg\"><\/a><\/p>\n<p><em>Katedra w remoncie<\/em><\/p>\n<p>Drugi obiad w Pavii\u00a0wypad\u0142 pod kolejnym ko\u015bcio\u0142em w restauracji Boticella. Nigdy dot\u0105d nie jedli\u015bmy tak doskona\u0142ego risotta z le\u015bnymi zio\u0142ami. Tylko po to warto by\u0142o dotrze\u0107 pod Mediolan ( z Pavii to tylko \u017cabi skok), a tu jeszcze by\u0142o tyle wspania\u0142ych zabytk\u00f3w do obejrzenia.<\/p>\n<p><a href=\"\/wp-content\/uploads\/2012\/07\/Sklep-z-zio\u0142ami.jpg\"><img loading=\"lazy\" decoding=\"async\" class=\"aligncenter size-medium wp-image-4936\" title=\"OLYMPUS DIGITAL CAMERA\" src=\"\/wp-content\/uploads\/2012\/07\/Sklep-z-zio\u0142ami-300x225.jpg\" alt=\"\" width=\"300\" height=\"225\" srcset=\"\/adamczewski\/wp-content\/uploads\/2012\/07\/Sklep-z-zio\u0142ami-300x225.jpg 300w, \/adamczewski\/wp-content\/uploads\/2012\/07\/Sklep-z-zio\u0142ami-1024x768.jpg 1024w\" sizes=\"(max-width: 300px) 100vw, 300px\" \/><\/a><\/p>\n<p><em>Sklep z sadzonkami zi\u00f3\u0142 jakie tylko si\u0119 komu zamarz\u0105<\/em><\/p>\n","protected":false},"excerpt":{"rendered":"<p>Pizze jadam tylko w dwu przypadkach: gdy sam j\u0105 zrobi\u0119 lub &#8211; oczywi\u015bcie ch\u0119tniej\u00a0&#8211; gdy jestem we W\u0142oszech. Klasztor pod Pavi\u0105 Tym razem tak\u0105 okazj\u0119 mia\u0142em podczas kr\u00f3tkiego pobytu w Pavii (w\u0142oska wymowa Pawija), gdzie zatrzymali\u015bmy si\u0119 by zobaczy\u0107 najs\u0142ynniejszy w\u0142oski klasztor Kartuz\u00f3w le\u017c\u0105cy 9 km od miasteczka. W drodze do klasztoru podziwiali\u015bmy z bliska [&hellip;]<\/p>\n","protected":false},"author":2,"featured_media":0,"comment_status":"open","ping_status":"open","sticky":false,"template":"","format":"standard","meta":{"footnotes":""},"categories":[1],"tags":[],"_links":{"self":[{"href":"https:\/\/blog.polityka.pl\/adamczewski\/wp-json\/wp\/v2\/posts\/4932"}],"collection":[{"href":"https:\/\/blog.polityka.pl\/adamczewski\/wp-json\/wp\/v2\/posts"}],"about":[{"href":"https:\/\/blog.polityka.pl\/adamczewski\/wp-json\/wp\/v2\/types\/post"}],"author":[{"embeddable":true,"href":"https:\/\/blog.polityka.pl\/adamczewski\/wp-json\/wp\/v2\/users\/2"}],"replies":[{"embeddable":true,"href":"https:\/\/blog.polityka.pl\/adamczewski\/wp-json\/wp\/v2\/comments?post=4932"}],"version-history":[{"count":4,"href":"https:\/\/blog.polityka.pl\/adamczewski\/wp-json\/wp\/v2\/posts\/4932\/revisions"}],"predecessor-version":[{"id":4942,"href":"https:\/\/blog.polityka.pl\/adamczewski\/wp-json\/wp\/v2\/posts\/4932\/revisions\/4942"}],"wp:attachment":[{"href":"https:\/\/blog.polityka.pl\/adamczewski\/wp-json\/wp\/v2\/media?parent=4932"}],"wp:term":[{"taxonomy":"category","embeddable":true,"href":"https:\/\/blog.polityka.pl\/adamczewski\/wp-json\/wp\/v2\/categories?post=4932"},{"taxonomy":"post_tag","embeddable":true,"href":"https:\/\/blog.polityka.pl\/adamczewski\/wp-json\/wp\/v2\/tags?post=4932"}],"curies":[{"name":"wp","href":"https:\/\/api.w.org\/{rel}","templated":true}]}}