
{"id":494,"date":"2008-05-19T08:00:16","date_gmt":"2008-05-19T06:00:16","guid":{"rendered":"http:\/\/adamczewski.blog.polityka.pl\/?p=494"},"modified":"2008-05-19T07:59:57","modified_gmt":"2008-05-19T05:59:57","slug":"i-po-targach","status":"publish","type":"post","link":"https:\/\/blog.polityka.pl\/adamczewski\/2008\/05\/19\/i-po-targach\/","title":{"rendered":"I po Targach&#8230;"},"content":{"rendered":"<p><img loading=\"lazy\" decoding=\"async\" src=\"http:\/\/adamczewski.blog.polityka.pl\/wp-content\/uploads\/2008\/maj\/Targi_i_myP5170027.JPG\" alt=\"Targi_i_myP5170027.JPG\" title=\"Targi_i_myP5170027.JPG\" border=\"0\" height=\"338\" hspace=\"5\" vspace=\"5\" width=\"450\" \/><\/p>\n<p><img loading=\"lazy\" decoding=\"async\" src=\"http:\/\/adamczewski.blog.polityka.pl\/wp-content\/uploads\/2008\/maj\/Targi_i_goscieP5170036.JPG\" alt=\"Targi_i_goscieP5170036.JPG\" title=\"Targi_i_goscieP5170036.JPG\" border=\"0\" height=\"338\" hspace=\"5\" vspace=\"5\" width=\"450\" \/><\/p>\n<p><img loading=\"lazy\" decoding=\"async\" src=\"http:\/\/adamczewski.blog.polityka.pl\/wp-content\/uploads\/2008\/maj\/Targi_z_Ma__gosi__WP5170013.JPG\" alt=\"Targi_z_Ma__gosi__WP5170013.JPG\" title=\"Targi_z_Ma__gosi__WP5170013.JPG\" border=\"0\" height=\"338\" hspace=\"5\" vspace=\"5\" width=\"450\" \/><\/p>\n<p>Sp\u0119dzili\u015bmy na Targach dwie i p\u00f3\u0142 godziny. A min\u0119\u0142o jak z bicza trzas\u0142. Szybko, szybciej, podpisywa\u0107, porozmawia\u0107. A na spotkania z przyjaci\u00f3\u0142mi siedz\u0105cymi w s\u0105siednich stoiskach zabrak\u0142o ju\u017c czasu.<\/p>\n<p>Ledwo zd\u0105\u017cyli\u015bmy si\u0119 wy\u015bciska\u0107 z Wiktorem Osiaty\u0144skim, kt\u00f3ry na szcz\u0119\u015bcie siedzia\u0142 w Iskrach tu\u017c ko\u0142o nas, a tu ju\u017c wydawca zap\u0119dzi\u0142 nas do k\u0105cika Nowego \u015awiata i do roboty. Podczas 120 minut sp\u0119dzonych w\u015br\u00f3d w\u0142asnych ksi\u0105\u017cek z\u0142o\u017cyli\u015bmy ponad czterdzie\u015bci autograf\u00f3w. Czasem nawet hurtowo. Rodzina widniej\u0105ca na fotografii przybyla w trzyosobowym sk\u0142adzie i kupi\u0142a sze\u015b\u0107 ksi\u0105\u017cek. Dla dwu c\u00f3rek  i mamy. Przy okazji mi\u0142o pogaw\u0119dzili\u015bmy o korzystaniu z ksi\u0105\u017cek kucharskich i warto\u015bciach, kt\u00f3re wnosz\u0105 do naszych dom\u00f3w.<\/p>\n<p>W pewnym momencie pojawi\u0142a si\u0119 w naszym stoisku znana wszystkim cz\u0142onkom blogu Ma\u0142gosia W. Prawd\u0119 m\u00f3wi\u0105c ledwo zd\u0105\u017cyli\u015bmy zamieni\u0107 par\u0119 s\u0142\u00f3w, z\u0142o\u017cy\u0107 autografy na &#8222;Rodaku&#8221; i&#8230; ju\u017c Jej nie by\u0142o. Mimo, \u017ce wizyta trwa\u0142a par\u0119 chwil to wra\u017cenie zosta\u0142o bardzo sympatyczne. Sami zreszt\u0105 oce\u0144cie &#8211; na jednym ze zdj\u0119\u0107 jest w\u0142a\u015bnie Ma\u0142gosia W.<\/p>\n<p>Tu\u017c po niej  wtoczy\u0142 si\u0119 do naszego k\u0105cika i szczelnie go wype\u0142ni\u0142 Brzucho. Absolutnie ma prawo u\u017cywa\u0107 takiego imienia. Spojrza\u0142 na nas z g\u00f3ry, poda\u0142 Basi do podpisania ?Posty polskie? i wytoczy\u0142 si\u0119, bo p\u0119dzi\u0142 na wielkie kartoflane wydarzenie organizowane przez Slow Food. Obieca\u0142, \u017ce o kartoflu napisze w swoim blogu, a z nim bli\u017cej si\u0119 zakolegujemy jesieni\u0105 na Kurpiach.<\/p>\n<p>Z targowych ploteczek przytocz\u0119 jeszcze jedn\u0105 historyjk\u0119. By\u0142y stoiska &#8211; jak nasze &#8211; pe\u0142ne ruchu i czytelnik\u00f3w. By\u0142y lu\u017aniejsze, i by\u0142y ca\u0142kiem puste. Ale by\u0142y i takie do kt\u00f3rych trudno by\u0142o si\u0119 dopcha\u0107. Tam na og\u00f3\u0142 siedzieli (cho\u0107 raczej siedzia\u0142y) autorzy bestseller\u00f3w dla panienek oraz autorzy ksi\u0105\u017cek, kt\u00f3re przeniesiono na ekran TV w postaci seriali.<\/p>\n<p>Przy jednym ze stoisk siedzia\u0142a pani profesor Jadwiga Staniszkis ze swoj\u0105 autobiografi\u0105. I do niej te\u017c ustawi\u0142a si\u0119 kolejka dziewcz\u0105t. Uczona i zarazem komentatorka wydarze\u0144 politycznych by\u0142a tym troch\u0119 zdziwiona. Do t\u0142umu dziewcz\u0105t za\u015b podszed\u0142 znany profesor historii wsp\u00f3\u0142czesnej (nie ujawni\u0119 jego nazwiska ze strachu przed konsekwencjami jakie m\u00f3g\u0142by ponie\u015b\u0107, bo pani profesor to osoba gro\u017ana) i t\u0142umek panienek rozproszy\u0142. Po prostu wyja\u015bni\u0142 im do kogo si\u0119 t\u0142ocz\u0105 zwabione wielkim zdj\u0119ciem s\u0142ynnej poetki i autorki tekst\u00f3w setek piosenek &#8211; Agnieszki Osieckiej. Pod tym zdj\u0119ciem bowiem usadowiono pani\u0105 socjolog z male\u0144k\u0105 wizyt\u00f3wk\u0105 obja\u015bniaj\u0105c\u0105 kto zacz. Wielbicielki talentu Osieckiej nie wiedzia\u0142y za\u015b, \u017ce ich ulubiona autorka od kilkunastu lat ju\u017c nie \u017cyje i domaga\u0142y si\u0119 autograf\u00f3w. Gdy pomy\u0142k\u0119 wyja\u015bniono &#8211; stoisko opustosza\u0142o!<\/p>\n<p>O wszystkich wydarzeniach \u015bmiesznych, gro\u017anych, ciekawych i interesuj\u0105cych mo\u017cna poczyta\u0107 w blogu naszego wydawcy czyli www.nowy-swiat.pl A my tymczasem zabieramy si\u0119 do pracy by by\u0142o co wystawia\u0107 na kolejnych Targach.<\/p>\n","protected":false},"excerpt":{"rendered":"<p>Sp\u0119dzili\u015bmy na Targach dwie i p\u00f3\u0142 godziny. A min\u0119\u0142o jak z bicza trzas\u0142. Szybko, szybciej, podpisywa\u0107, porozmawia\u0107. A na spotkania z przyjaci\u00f3\u0142mi siedz\u0105cymi w s\u0105siednich stoiskach zabrak\u0142o ju\u017c czasu. Ledwo zd\u0105\u017cyli\u015bmy si\u0119 wy\u015bciska\u0107 z Wiktorem Osiaty\u0144skim, kt\u00f3ry na szcz\u0119\u015bcie siedzia\u0142 w Iskrach tu\u017c ko\u0142o nas, a tu ju\u017c wydawca zap\u0119dzi\u0142 nas do k\u0105cika Nowego \u015awiata [&hellip;]<\/p>\n","protected":false},"author":2,"featured_media":0,"comment_status":"open","ping_status":"open","sticky":false,"template":"","format":"standard","meta":{"footnotes":""},"categories":[1],"tags":[],"_links":{"self":[{"href":"https:\/\/blog.polityka.pl\/adamczewski\/wp-json\/wp\/v2\/posts\/494"}],"collection":[{"href":"https:\/\/blog.polityka.pl\/adamczewski\/wp-json\/wp\/v2\/posts"}],"about":[{"href":"https:\/\/blog.polityka.pl\/adamczewski\/wp-json\/wp\/v2\/types\/post"}],"author":[{"embeddable":true,"href":"https:\/\/blog.polityka.pl\/adamczewski\/wp-json\/wp\/v2\/users\/2"}],"replies":[{"embeddable":true,"href":"https:\/\/blog.polityka.pl\/adamczewski\/wp-json\/wp\/v2\/comments?post=494"}],"version-history":[{"count":0,"href":"https:\/\/blog.polityka.pl\/adamczewski\/wp-json\/wp\/v2\/posts\/494\/revisions"}],"wp:attachment":[{"href":"https:\/\/blog.polityka.pl\/adamczewski\/wp-json\/wp\/v2\/media?parent=494"}],"wp:term":[{"taxonomy":"category","embeddable":true,"href":"https:\/\/blog.polityka.pl\/adamczewski\/wp-json\/wp\/v2\/categories?post=494"},{"taxonomy":"post_tag","embeddable":true,"href":"https:\/\/blog.polityka.pl\/adamczewski\/wp-json\/wp\/v2\/tags?post=494"}],"curies":[{"name":"wp","href":"https:\/\/api.w.org\/{rel}","templated":true}]}}