
{"id":496,"date":"2008-01-01T15:58:00","date_gmt":"2008-01-01T15:58:00","guid":{"rendered":"http:\/\/adamczewscy.nowy-swiat.pl\/?p=496"},"modified":"2008-01-01T15:58:00","modified_gmt":"2008-01-01T15:58:00","slug":"sznycle-z-jaj","status":"publish","type":"post","link":"https:\/\/blog.polityka.pl\/adamczewski\/2008\/01\/01\/sznycle-z-jaj\/","title":{"rendered":"Sznycle z jaj"},"content":{"rendered":"<p><em>(4-6 porcji)<\/em><\/p>\n<p><em>9 jajek, 2 czerstwe bu\u0142ki, 2 cebule, 2 \u0142y\u017cki mas\u0142a, s\u00f3l, pieprz, \u0142y\u017cka siekanego kopru, \u0142y\u017cka siekanej zielonej pietruszki<\/em><em><br \/>\n<\/em><em> do obtaczania: 1\/2 szklanki tartej bu\u0142ki<\/em><em><br \/>\n<\/em><em> do sma\u017cenia: \u0142y\u017cka mas\u0142a i 4 \u0142y\u017cki oliwy lub oleju<\/em><\/p>\n<p>1. Ugotowa\u0107 8 jajek, ostudzi\u0107 i obra\u0107.<br \/>\n2. Bu\u0142ki namoczy\u0107 w wodzie i odcisn\u0105\u0107.<br \/>\n3. Cebule drobno posieka\u0107 i podsma\u017cy\u0107 na z\u0142oto na 2 \u0142y\u017ckach mas\u0142a.<br \/>\n4. Jajka, bu\u0142ki oraz cebul\u0119 zemle\u0107 w maszynce. Do masy doda\u0107 pietruszk\u0119 i koper, surowe jajko, pieprz i s\u00f3l. Wyrobi\u0107.<br \/>\n5. Formowa\u0107 sznycelki i obtacza\u0107 w tartej bu\u0142ce.<br \/>\n6. Sma\u017cy\u0107 z obu stron na rumiano w mieszance mas\u0142a i oliwy lub oleju.<\/p>\n<p>Sznycle z jajek doskonale smakuj\u0105 z m\u0142od\u0105 zasma\u017can\u0105 s\u0142odk\u0105 kapust\u0105, co doradza\u0142y stare ksi\u0105\u017cki kucharskie.<\/p>\n","protected":false},"excerpt":{"rendered":"<p>(4-6 porcji) 9 jajek, 2 czerstwe bu\u0142ki, 2 cebule, 2 \u0142y\u017cki mas\u0142a, s\u00f3l, pieprz, \u0142y\u017cka siekanego kopru, \u0142y\u017cka siekanej zielonej pietruszki do obtaczania: 1\/2 szklanki tartej bu\u0142ki do sma\u017cenia: \u0142y\u017cka mas\u0142a i 4 \u0142y\u017cki oliwy lub oleju 1. Ugotowa\u0107 8 jajek, ostudzi\u0107 i obra\u0107. 2. Bu\u0142ki namoczy\u0107 w wodzie i odcisn\u0105\u0107. 3. Cebule drobno posieka\u0107 [&hellip;]<\/p>\n","protected":false},"author":2,"featured_media":0,"comment_status":"open","ping_status":"open","sticky":false,"template":"","format":"standard","meta":{"footnotes":""},"categories":[1],"tags":[],"_links":{"self":[{"href":"https:\/\/blog.polityka.pl\/adamczewski\/wp-json\/wp\/v2\/posts\/496"}],"collection":[{"href":"https:\/\/blog.polityka.pl\/adamczewski\/wp-json\/wp\/v2\/posts"}],"about":[{"href":"https:\/\/blog.polityka.pl\/adamczewski\/wp-json\/wp\/v2\/types\/post"}],"author":[{"embeddable":true,"href":"https:\/\/blog.polityka.pl\/adamczewski\/wp-json\/wp\/v2\/users\/2"}],"replies":[{"embeddable":true,"href":"https:\/\/blog.polityka.pl\/adamczewski\/wp-json\/wp\/v2\/comments?post=496"}],"version-history":[{"count":0,"href":"https:\/\/blog.polityka.pl\/adamczewski\/wp-json\/wp\/v2\/posts\/496\/revisions"}],"wp:attachment":[{"href":"https:\/\/blog.polityka.pl\/adamczewski\/wp-json\/wp\/v2\/media?parent=496"}],"wp:term":[{"taxonomy":"category","embeddable":true,"href":"https:\/\/blog.polityka.pl\/adamczewski\/wp-json\/wp\/v2\/categories?post=496"},{"taxonomy":"post_tag","embeddable":true,"href":"https:\/\/blog.polityka.pl\/adamczewski\/wp-json\/wp\/v2\/tags?post=496"}],"curies":[{"name":"wp","href":"https:\/\/api.w.org\/{rel}","templated":true}]}}