
{"id":498,"date":"2008-05-21T08:00:55","date_gmt":"2008-05-21T06:00:55","guid":{"rendered":"http:\/\/adamczewski.blog.polityka.pl\/?p=498"},"modified":"2008-05-20T11:07:02","modified_gmt":"2008-05-20T09:07:02","slug":"zgadnij-co-gotujemy91","status":"publish","type":"post","link":"https:\/\/blog.polityka.pl\/adamczewski\/2008\/05\/21\/zgadnij-co-gotujemy91\/","title":{"rendered":"Zgadnij co gotujemy?(91)"},"content":{"rendered":"<p>Kolejny d\u0142ugi weekend (czy nasz kraj zanadto nie zubo\u017ceje gdy tak bez przerwy b\u0119dziemy leniuchowa\u0107?) wynika z uk\u0142adu \u015bwi\u0105t ko\u015bcielnych. Tym razem to Bo\u017ce Cia\u0142o. Postanowi\u0142em, jako by\u0142y ministrant a obecnie kompletny bezbo\u017cnik, w\u0142\u0105czy\u0107 si\u0119 w ten nurt. B\u0119d\u0105 wi\u0119c pytania zwi\u0105zane z zakonnikami, pra\u0142atami a nawet papie\u017cami. Nie mam wprawdzie \u017cadnej \u015bwi\u0105tobliwej ksi\u0105\u017cki na nagrod\u0119 ale mo\u017ce wystarczy taka: &#8222;Klasztorna kuchnia&#8221; autorstwa siostry Anieli Gareckiej. Aby otrzyma\u0107 t\u0119 ksi\u0105\u017ck\u0119 opatrzon\u0105\u00a0 moj\u0105 dedykacj\u0105\u00a0 trzeba odpowiedzie\u0107 na trzy pytania (oczywi\u015bcie bezb\u0142\u0119dnie) i nie zwlekaj\u0105c wys\u0142a\u0107 list na adres:\u00a0 <a href=\"mailto:internet@polityka.com.pl\">internet@polityka.com.pl<\/a><\/p>\n<p>A oto pytania:<br \/>\n1. Ob\u017cartuch, autor cudownej ksi\u0119gi o Gargantui i Pantagruelu s\u0142ynny jest przede wszystkim jako pisarz ale by\u0142 tak\u017ce lekarzem i zakonnikiem. A\u017c dwa zakony obdzieli\u0142 sw\u0105 osob\u0105. Jakie to by\u0142y zakony?<\/p>\n<p>2. W 1281 roku wybrano papieski tron urodzonego w Tours Francuza. By\u0142 on smakoszem. Uwielbia\u0142 zw\u0142aszcza w\u0119gorze. Jad\u0142 je w nadmiarze co\u00a0&#8211; podobno\u00a0&#8211; przyspieszy\u0142o zgon. Mieszka\u0142 nie w Rzymie lecz w Perugii gdzie te\u017c zosta\u0142 pochowany. Jak si\u0119 nazywa\u0142 \u00f3w papie\u017c &#8211; \u0142akomczuch?<\/p>\n<p>3. Pra\u0142at Jan Bockenheym autor ksi\u0105\u017cki kucharskiej zawieraj\u0105cej 74 papieskie przepisy kulinarne a zatytu\u0142owanej ?Registrum coquine? by\u0142 przez wiele lat kucharzem nast\u0119pcy \u015aw. Piotra. Kt\u00f3remu z papie\u017cy gotowa\u0142?<\/p>\n<p>Szybko siadajcie do komputer\u00f3w. Czekam na listy i przygotowuj\u0119 ksi\u0105\u017ck\u0119 do wysy\u0142ki. Powodzenia!<\/p>\n","protected":false},"excerpt":{"rendered":"<p>Kolejny d\u0142ugi weekend (czy nasz kraj zanadto nie zubo\u017ceje gdy tak bez przerwy b\u0119dziemy leniuchowa\u0107?) wynika z uk\u0142adu \u015bwi\u0105t ko\u015bcielnych. Tym razem to Bo\u017ce Cia\u0142o. Postanowi\u0142em, jako by\u0142y ministrant a obecnie kompletny bezbo\u017cnik, w\u0142\u0105czy\u0107 si\u0119 w ten nurt. B\u0119d\u0105 wi\u0119c pytania zwi\u0105zane z zakonnikami, pra\u0142atami a nawet papie\u017cami. Nie mam wprawdzie \u017cadnej \u015bwi\u0105tobliwej ksi\u0105\u017cki na [&hellip;]<\/p>\n","protected":false},"author":2,"featured_media":0,"comment_status":"open","ping_status":"open","sticky":false,"template":"","format":"standard","meta":{"footnotes":""},"categories":[1],"tags":[],"_links":{"self":[{"href":"https:\/\/blog.polityka.pl\/adamczewski\/wp-json\/wp\/v2\/posts\/498"}],"collection":[{"href":"https:\/\/blog.polityka.pl\/adamczewski\/wp-json\/wp\/v2\/posts"}],"about":[{"href":"https:\/\/blog.polityka.pl\/adamczewski\/wp-json\/wp\/v2\/types\/post"}],"author":[{"embeddable":true,"href":"https:\/\/blog.polityka.pl\/adamczewski\/wp-json\/wp\/v2\/users\/2"}],"replies":[{"embeddable":true,"href":"https:\/\/blog.polityka.pl\/adamczewski\/wp-json\/wp\/v2\/comments?post=498"}],"version-history":[{"count":0,"href":"https:\/\/blog.polityka.pl\/adamczewski\/wp-json\/wp\/v2\/posts\/498\/revisions"}],"wp:attachment":[{"href":"https:\/\/blog.polityka.pl\/adamczewski\/wp-json\/wp\/v2\/media?parent=498"}],"wp:term":[{"taxonomy":"category","embeddable":true,"href":"https:\/\/blog.polityka.pl\/adamczewski\/wp-json\/wp\/v2\/categories?post=498"},{"taxonomy":"post_tag","embeddable":true,"href":"https:\/\/blog.polityka.pl\/adamczewski\/wp-json\/wp\/v2\/tags?post=498"}],"curies":[{"name":"wp","href":"https:\/\/api.w.org\/{rel}","templated":true}]}}