
{"id":4984,"date":"2012-08-09T08:00:02","date_gmt":"2012-08-09T06:00:02","guid":{"rendered":"http:\/\/adamczewski.blog.polityka.pl\/?p=4984"},"modified":"2012-08-09T09:40:10","modified_gmt":"2012-08-09T07:40:10","slug":"ilustrowana-kronika-toskanska","status":"publish","type":"post","link":"https:\/\/blog.polityka.pl\/adamczewski\/2012\/08\/09\/ilustrowana-kronika-toskanska\/","title":{"rendered":"Ilustrowana kronika toska\u0144ska"},"content":{"rendered":"<p>Pismo obrazkowe znane jest od tysi\u0105cleci. Kroniki rysunkowe wyprzedzaj\u0105 wszelkie zapiski. Ulegaj\u0105c tej tradycji dzi\u015b zamieszczam kilka zdj\u0119\u0107 z Monteriggioni (i s\u0105siednich), jednego z najpiekniejszych\u00a0 miasteczek w Toskanii.<\/p>\n<p>Z okna mojego pokoju hotelowego wida\u0107 by\u0142o nieodleg\u0142e San Gimignano a z przeciwleg\u0142ej strony Sien\u0119 r\u00f3wnie blisk\u0105. Odbyli\u015bmy wi\u0119c wycieczki i tu, i tu. O urodzie tych miast nie trzeba chyba nikogo przekonywa\u0107. Dlatego wi\u0119kszo\u015b\u0107 fotek jest z Monteriggioni. Oto one:<\/p>\n<p><a href=\"\/wp-content\/uploads\/2012\/08\/Monteriggioni-z-zewn\u0105trz.jpg\"><img loading=\"lazy\" decoding=\"async\" class=\"aligncenter size-medium wp-image-4985\" title=\"OLYMPUS DIGITAL CAMERA\" src=\"\/wp-content\/uploads\/2012\/08\/Monteriggioni-z-zewn\u0105trz-300x225.jpg\" alt=\"\" width=\"300\" height=\"225\" srcset=\"\/adamczewski\/wp-content\/uploads\/2012\/08\/Monteriggioni-z-zewn\u0105trz-300x225.jpg 300w, \/adamczewski\/wp-content\/uploads\/2012\/08\/Monteriggioni-z-zewn\u0105trz-1024x768.jpg 1024w\" sizes=\"(max-width: 300px) 100vw, 300px\" \/><\/a><\/p>\n<p><em>Doje\u017cd\u017camy do Monteriggioni<\/em><\/p>\n<p><a href=\"\/wp-content\/uploads\/2012\/08\/Brama-wjazdowa.jpg\"><img loading=\"lazy\" decoding=\"async\" class=\"aligncenter size-medium wp-image-4986\" title=\"OLYMPUS DIGITAL CAMERA\" src=\"\/wp-content\/uploads\/2012\/08\/Brama-wjazdowa-300x225.jpg\" alt=\"\" width=\"300\" height=\"225\" srcset=\"\/adamczewski\/wp-content\/uploads\/2012\/08\/Brama-wjazdowa-300x225.jpg 300w, \/adamczewski\/wp-content\/uploads\/2012\/08\/Brama-wjazdowa-1024x768.jpg 1024w\" sizes=\"(max-width: 300px) 100vw, 300px\" \/><\/a><\/p>\n<p><em>Bram\u0119 wej\u015bciow\u0105 trzeba pokona\u0107 pieszo<\/em><\/p>\n<p><a href=\"\/wp-content\/uploads\/2012\/08\/Ch\u00f3r-chorwacki-w-Monteriggioni1.jpg\"><img loading=\"lazy\" decoding=\"async\" class=\"aligncenter size-medium wp-image-4988\" title=\"OLYMPUS DIGITAL CAMERA\" src=\"\/wp-content\/uploads\/2012\/08\/Ch\u00f3r-chorwacki-w-Monteriggioni1-300x225.jpg\" alt=\"\" width=\"300\" height=\"225\" srcset=\"\/adamczewski\/wp-content\/uploads\/2012\/08\/Ch\u00f3r-chorwacki-w-Monteriggioni1-300x225.jpg 300w, \/adamczewski\/wp-content\/uploads\/2012\/08\/Ch\u00f3r-chorwacki-w-Monteriggioni1-1024x768.jpg 1024w\" sizes=\"(max-width: 300px) 100vw, 300px\" \/><\/a><\/p>\n<p><em>Pod wiekowym ko\u015bci\u00f3\u0142kiem \u015bpiewa chorwacki ch\u00f3r<\/em><\/p>\n<p><a href=\"\/wp-content\/uploads\/2012\/08\/Nasz-pok\u00f3j.jpg\"><img loading=\"lazy\" decoding=\"async\" class=\"aligncenter size-medium wp-image-4989\" title=\"OLYMPUS DIGITAL CAMERA\" src=\"\/wp-content\/uploads\/2012\/08\/Nasz-pok\u00f3j-300x225.jpg\" alt=\"\" width=\"300\" height=\"225\" srcset=\"\/adamczewski\/wp-content\/uploads\/2012\/08\/Nasz-pok\u00f3j-300x225.jpg 300w, \/adamczewski\/wp-content\/uploads\/2012\/08\/Nasz-pok\u00f3j-1024x768.jpg 1024w\" sizes=\"(max-width: 300px) 100vw, 300px\" \/><\/a><\/p>\n<p><em>Tu wypoczywali\u015bmy po ksi\u0105\u017c\u0119cemu<\/em><\/p>\n<p><a href=\"\/wp-content\/uploads\/2012\/08\/Stary-ko\u015bci\u00f3\u0142-w-M..jpg\"><img loading=\"lazy\" decoding=\"async\" class=\"aligncenter size-medium wp-image-4990\" title=\"OLYMPUS DIGITAL CAMERA\" src=\"\/wp-content\/uploads\/2012\/08\/Stary-ko\u015bci\u00f3\u0142-w-M.-300x225.jpg\" alt=\"\" width=\"300\" height=\"225\" srcset=\"\/adamczewski\/wp-content\/uploads\/2012\/08\/Stary-ko\u015bci\u00f3\u0142-w-M.-300x225.jpg 300w, \/adamczewski\/wp-content\/uploads\/2012\/08\/Stary-ko\u015bci\u00f3\u0142-w-M.-1024x768.jpg 1024w\" sizes=\"(max-width: 300px) 100vw, 300px\" \/><\/a><\/p>\n<p><em>Ko\u015bci\u00f3\u0142 w ca\u0142ej krasie<\/em><\/p>\n<p><a href=\"\/wp-content\/uploads\/2012\/08\/Uliczka-w-M..jpg\"><img loading=\"lazy\" decoding=\"async\" class=\"aligncenter size-medium wp-image-4991\" title=\"OLYMPUS DIGITAL CAMERA\" src=\"\/wp-content\/uploads\/2012\/08\/Uliczka-w-M.-300x225.jpg\" alt=\"\" width=\"300\" height=\"225\" srcset=\"\/adamczewski\/wp-content\/uploads\/2012\/08\/Uliczka-w-M.-300x225.jpg 300w, \/adamczewski\/wp-content\/uploads\/2012\/08\/Uliczka-w-M.-1024x768.jpg 1024w\" sizes=\"(max-width: 300px) 100vw, 300px\" \/><\/a><\/p>\n<p><em>G\u0142\u00f3wna uliczka w Monteriggioni<\/em><\/p>\n<p><a href=\"\/wp-content\/uploads\/2012\/08\/San-Gimignano.jpg\"><img loading=\"lazy\" decoding=\"async\" class=\"aligncenter size-medium wp-image-4992\" title=\"OLYMPUS DIGITAL CAMERA\" src=\"\/wp-content\/uploads\/2012\/08\/San-Gimignano-225x300.jpg\" alt=\"\" width=\"225\" height=\"300\" srcset=\"\/adamczewski\/wp-content\/uploads\/2012\/08\/San-Gimignano-225x300.jpg 225w, \/adamczewski\/wp-content\/uploads\/2012\/08\/San-Gimignano-768x1024.jpg 768w\" sizes=\"(max-width: 225px) 100vw, 225px\" \/><\/a><\/p>\n<p><em>San Gimignano to przedewszystkim wie\u017ce<\/em><\/p>\n<p><a href=\"\/wp-content\/uploads\/2012\/08\/Katedra-w-Sienie.jpg\"><img loading=\"lazy\" decoding=\"async\" class=\"aligncenter size-medium wp-image-4993\" title=\"OLYMPUS DIGITAL CAMERA\" src=\"\/wp-content\/uploads\/2012\/08\/Katedra-w-Sienie-225x300.jpg\" alt=\"\" width=\"225\" height=\"300\" srcset=\"\/adamczewski\/wp-content\/uploads\/2012\/08\/Katedra-w-Sienie-225x300.jpg 225w, \/adamczewski\/wp-content\/uploads\/2012\/08\/Katedra-w-Sienie-768x1024.jpg 768w\" sizes=\"(max-width: 225px) 100vw, 225px\" \/><\/a><\/p>\n<p><em>Katedra w Sienie onie\u015bmiela wielko\u015bci\u0105 i urod\u0105<\/em><\/p>\n","protected":false},"excerpt":{"rendered":"<p>Pismo obrazkowe znane jest od tysi\u0105cleci. Kroniki rysunkowe wyprzedzaj\u0105 wszelkie zapiski. Ulegaj\u0105c tej tradycji dzi\u015b zamieszczam kilka zdj\u0119\u0107 z Monteriggioni (i s\u0105siednich), jednego z najpiekniejszych\u00a0 miasteczek w Toskanii. Z okna mojego pokoju hotelowego wida\u0107 by\u0142o nieodleg\u0142e San Gimignano a z przeciwleg\u0142ej strony Sien\u0119 r\u00f3wnie blisk\u0105. Odbyli\u015bmy wi\u0119c wycieczki i tu, i tu. O urodzie tych [&hellip;]<\/p>\n","protected":false},"author":2,"featured_media":0,"comment_status":"open","ping_status":"open","sticky":false,"template":"","format":"standard","meta":{"footnotes":""},"categories":[1],"tags":[],"_links":{"self":[{"href":"https:\/\/blog.polityka.pl\/adamczewski\/wp-json\/wp\/v2\/posts\/4984"}],"collection":[{"href":"https:\/\/blog.polityka.pl\/adamczewski\/wp-json\/wp\/v2\/posts"}],"about":[{"href":"https:\/\/blog.polityka.pl\/adamczewski\/wp-json\/wp\/v2\/types\/post"}],"author":[{"embeddable":true,"href":"https:\/\/blog.polityka.pl\/adamczewski\/wp-json\/wp\/v2\/users\/2"}],"replies":[{"embeddable":true,"href":"https:\/\/blog.polityka.pl\/adamczewski\/wp-json\/wp\/v2\/comments?post=4984"}],"version-history":[{"count":6,"href":"https:\/\/blog.polityka.pl\/adamczewski\/wp-json\/wp\/v2\/posts\/4984\/revisions"}],"predecessor-version":[{"id":5016,"href":"https:\/\/blog.polityka.pl\/adamczewski\/wp-json\/wp\/v2\/posts\/4984\/revisions\/5016"}],"wp:attachment":[{"href":"https:\/\/blog.polityka.pl\/adamczewski\/wp-json\/wp\/v2\/media?parent=4984"}],"wp:term":[{"taxonomy":"category","embeddable":true,"href":"https:\/\/blog.polityka.pl\/adamczewski\/wp-json\/wp\/v2\/categories?post=4984"},{"taxonomy":"post_tag","embeddable":true,"href":"https:\/\/blog.polityka.pl\/adamczewski\/wp-json\/wp\/v2\/tags?post=4984"}],"curies":[{"name":"wp","href":"https:\/\/api.w.org\/{rel}","templated":true}]}}