
{"id":503,"date":"2008-05-28T08:00:02","date_gmt":"2008-05-28T06:00:02","guid":{"rendered":"http:\/\/adamczewski.blog.polityka.pl\/?p=503"},"modified":"2008-05-28T08:00:02","modified_gmt":"2008-05-28T06:00:02","slug":"zgadnij-co-gotujemy92","status":"publish","type":"post","link":"https:\/\/blog.polityka.pl\/adamczewski\/2008\/05\/28\/zgadnij-co-gotujemy92\/","title":{"rendered":"Zgadnij co gotujemy?(92)"},"content":{"rendered":"<p>Kolejny d\u0142ugi weekend za nami. Ju\u017c ta m\u0119ka sko\u0144czy\u0142a si\u0119. Opisa\u0142em te\u017c w minionych dw\u00f3ch dniach moje ob\u017carstwo.<\/p>\n<p>Trzeba wi\u0119c troch\u0119 popo\u015bci\u0107. W nagrod\u0119 b\u0119dzie kolejna ksi\u0105\u017cka autorstwa Barbary Adamczewskiej czyli &#8222;Polskie posty&#8221; Aby otrzyma\u0107 t\u0119 ksi\u0105\u017ck\u0119 opatrzon\u0105\u00a0 moj\u0105 dedykacj\u0105 i autografem autorki\u00a0 trzeba odpowiedzie\u0107 na trzy pytania (oczywi\u015bcie bezb\u0142\u0119dnie) i nie zwlekaj\u0105c wys\u0142a\u0107 list na adres:\u00a0 internet@polityka.com.pl<\/p>\n<p>A oto pytania:<\/p>\n<p>1. Polska para kr\u00f3lewska (W\u0142adys\u0142aw i Judyta) stara\u0142a si\u0119 wymodli\u0107 upragnionego syna. M.in. wys\u0142ano delegacj\u0119 mnich\u00f3w do opactwa Cluny z darem w postaci z\u0142otego pos\u0105\u017cka dzieci\u0119cia oraz obietnic\u0105 post\u00f3w. Podr\u00f3\u017c i dar przynios\u0142y skutek. Narodzi\u0142 si\u0119 nast\u0119pca tronu.\u00a0 O kogo tu chodzi)?<\/p>\n<p>2. Jaja to \u015bwietny produkt postnych potraw. W dawnych czasach liczono je na mendle i kopy. Ile to by\u0142o jaj wg. dzisiejszych miar?<\/p>\n<p>3. Trzeba si\u0119gn\u0105\u0107 do s\u0142ownika etymologicznego by odpowiedzie\u0107 na to pytanie: z jakiego j\u0119zyka wzi\u0119\u0142o si\u0119 polskie s\u0142owo &#8211; post?<\/p>\n<p>Szybko siadajcie do komputer\u00f3w. Czekam na listy i przygotowuj\u0119 ksi\u0105\u017ck\u0119 do wysy\u0142ki. Powodzenia!<\/p>\n","protected":false},"excerpt":{"rendered":"<p>Kolejny d\u0142ugi weekend za nami. Ju\u017c ta m\u0119ka sko\u0144czy\u0142a si\u0119. Opisa\u0142em te\u017c w minionych dw\u00f3ch dniach moje ob\u017carstwo. Trzeba wi\u0119c troch\u0119 popo\u015bci\u0107. W nagrod\u0119 b\u0119dzie kolejna ksi\u0105\u017cka autorstwa Barbary Adamczewskiej czyli &#8222;Polskie posty&#8221; Aby otrzyma\u0107 t\u0119 ksi\u0105\u017ck\u0119 opatrzon\u0105\u00a0 moj\u0105 dedykacj\u0105 i autografem autorki\u00a0 trzeba odpowiedzie\u0107 na trzy pytania (oczywi\u015bcie bezb\u0142\u0119dnie) i nie zwlekaj\u0105c wys\u0142a\u0107 list [&hellip;]<\/p>\n","protected":false},"author":2,"featured_media":0,"comment_status":"open","ping_status":"open","sticky":false,"template":"","format":"standard","meta":{"footnotes":""},"categories":[1],"tags":[],"_links":{"self":[{"href":"https:\/\/blog.polityka.pl\/adamczewski\/wp-json\/wp\/v2\/posts\/503"}],"collection":[{"href":"https:\/\/blog.polityka.pl\/adamczewski\/wp-json\/wp\/v2\/posts"}],"about":[{"href":"https:\/\/blog.polityka.pl\/adamczewski\/wp-json\/wp\/v2\/types\/post"}],"author":[{"embeddable":true,"href":"https:\/\/blog.polityka.pl\/adamczewski\/wp-json\/wp\/v2\/users\/2"}],"replies":[{"embeddable":true,"href":"https:\/\/blog.polityka.pl\/adamczewski\/wp-json\/wp\/v2\/comments?post=503"}],"version-history":[{"count":0,"href":"https:\/\/blog.polityka.pl\/adamczewski\/wp-json\/wp\/v2\/posts\/503\/revisions"}],"wp:attachment":[{"href":"https:\/\/blog.polityka.pl\/adamczewski\/wp-json\/wp\/v2\/media?parent=503"}],"wp:term":[{"taxonomy":"category","embeddable":true,"href":"https:\/\/blog.polityka.pl\/adamczewski\/wp-json\/wp\/v2\/categories?post=503"},{"taxonomy":"post_tag","embeddable":true,"href":"https:\/\/blog.polityka.pl\/adamczewski\/wp-json\/wp\/v2\/tags?post=503"}],"curies":[{"name":"wp","href":"https:\/\/api.w.org\/{rel}","templated":true}]}}