
{"id":5055,"date":"2012-08-23T08:00:29","date_gmt":"2012-08-23T06:00:29","guid":{"rendered":"http:\/\/adamczewski.blog.polityka.pl\/?p=5055"},"modified":"2012-09-12T12:31:16","modified_gmt":"2012-09-12T10:31:16","slug":"kanadyjska-wizyta-na-kurpiach","status":"publish","type":"post","link":"https:\/\/blog.polityka.pl\/adamczewski\/2012\/08\/23\/kanadyjska-wizyta-na-kurpiach\/","title":{"rendered":"Kanadyjska wizyta na Kurpiach"},"content":{"rendered":"<p><a href=\"\/wp-content\/uploads\/2012\/08\/Pierogi.jpg\"><img loading=\"lazy\" decoding=\"async\" class=\"aligncenter size-medium wp-image-5056\" title=\"OLYMPUS DIGITAL CAMERA\" src=\"\/wp-content\/uploads\/2012\/08\/Pierogi-300x225.jpg\" alt=\"\" width=\"300\" height=\"225\" srcset=\"\/adamczewski\/wp-content\/uploads\/2012\/08\/Pierogi-300x225.jpg 300w, \/adamczewski\/wp-content\/uploads\/2012\/08\/Pierogi.jpg 640w\" sizes=\"(max-width: 300px) 100vw, 300px\" \/><\/a>Chyba wspomina\u0142em, \u017ce spodziewamy si\u0119 wizyty m\u0142odych toronta\u0144czyk\u00f3w. I wreszcie przyjechali. Wprawdzie g\u0142\u00f3wnym celem by\u0142a s\u0105siednia wie\u015b gdzie maj\u0105 letni dom moi najbli\u017csi przyjaciele,\u00a0 a przy okazji rodzice Tomka, kt\u00f3ry sko\u0144czy\u0142 szko\u0142\u0119 i dwa uniwersytety\u00a0&#8211; w Montrealu i Toronto, o\u017ceni\u0142 si\u0119 i rozmno\u017cy\u0142 ju\u017c na kanadyjskiej ziemi, zostaj\u0105c tam na sta\u0142e.<br \/>\n<a href=\"\/wp-content\/uploads\/2012\/08\/Gotowanie-pierog\u00f3w.jpg\"><img loading=\"lazy\" decoding=\"async\" class=\"aligncenter size-medium wp-image-5057\" title=\"OLYMPUS DIGITAL CAMERA\" src=\"\/wp-content\/uploads\/2012\/08\/Gotowanie-pierog\u00f3w-300x225.jpg\" alt=\"\" width=\"300\" height=\"225\" srcset=\"\/adamczewski\/wp-content\/uploads\/2012\/08\/Gotowanie-pierog\u00f3w-300x225.jpg 300w, \/adamczewski\/wp-content\/uploads\/2012\/08\/Gotowanie-pierog\u00f3w.jpg 640w\" sizes=\"(max-width: 300px) 100vw, 300px\" \/><\/a><\/p>\n<p>W tym roku przywi\u00f3z\u0142 dw\u00f3je z tr\u00f3jki swoich dzieci: c\u00f3reczk\u0119 Mik\u0119 i synka Sach\u0119. Te imiona to kompromis polsko-japo\u0144ski. Mama jest bowiem z rodziny japo\u0144skich przybysz\u00f3w na kanadyjsk\u0105 ziemi\u0119, kt\u00f3ra jak wiadomo ch\u0119tnie przygarnia ludzi ze wszystkich stron \u015bwiata. \u017bona Tomasza zosta\u0142a z najm\u0142odsz\u0105, kilkumiesi\u0119czn\u0105 c\u00f3rk\u0105\u00a0(o pi\u0119knym imieniu Noa co po japo\u0144sku znaczy &#8222;zrodzona z mi\u0142o\u015bci&#8221;)\u00a0w domu.<\/p>\n<p><a href=\"\/wp-content\/uploads\/2012\/08\/Pierogi-na-stole.jpg\"><img loading=\"lazy\" decoding=\"async\" class=\"aligncenter size-medium wp-image-5058\" title=\"OLYMPUS DIGITAL CAMERA\" src=\"\/wp-content\/uploads\/2012\/08\/Pierogi-na-stole-300x225.jpg\" alt=\"\" width=\"300\" height=\"225\" srcset=\"\/adamczewski\/wp-content\/uploads\/2012\/08\/Pierogi-na-stole-300x225.jpg 300w, \/adamczewski\/wp-content\/uploads\/2012\/08\/Pierogi-na-stole.jpg 640w\" sizes=\"(max-width: 300px) 100vw, 300px\" \/><\/a><br \/>\nPrzygotowywali\u015bmy si\u0119 do tej wizyty pieczo\u0142owicie. Zasi\u0119gali\u015bmy te\u017c j\u0119zyka co m\u0142odzie\u017c wychowywana na zupe\u0142nie innej kuchni ni\u017c nasza jada. A r\u00f3wnocze\u015bnie chcieli\u015bmy\u00a0 sprawi\u0107 przyjemno\u015b\u0107 ich tacie, kt\u00f3ry do 10 roku \u017cycia mieszka\u0142 w Polsce i ma swoje ulubione dania.<\/p>\n<p><a href=\"\/wp-content\/uploads\/2012\/08\/Szarlotka.jpg\"><img loading=\"lazy\" decoding=\"async\" class=\"aligncenter size-medium wp-image-5059\" title=\"OLYMPUS DIGITAL CAMERA\" src=\"\/wp-content\/uploads\/2012\/08\/Szarlotka-300x225.jpg\" alt=\"\" width=\"300\" height=\"225\" srcset=\"\/adamczewski\/wp-content\/uploads\/2012\/08\/Szarlotka-300x225.jpg 300w, \/adamczewski\/wp-content\/uploads\/2012\/08\/Szarlotka.jpg 640w\" sizes=\"(max-width: 300px) 100vw, 300px\" \/><\/a><br \/>\nW ko\u0144cu stan\u0119\u0142o na pieczonych warzywach, barszczu i trzech gatunkach pierog\u00f3w. Na deser\u00a0&#8211; szarlotka. Na wszelki wypadek trzymali\u015bmy w odwodzie ugotowany ry\u017c.<\/p>\n<p><a href=\"\/wp-content\/uploads\/2012\/08\/Nasi-go\u015bcie-z-Kanady.jpg\"><img loading=\"lazy\" decoding=\"async\" class=\"aligncenter size-medium wp-image-5060\" title=\"OLYMPUS DIGITAL CAMERA\" src=\"\/wp-content\/uploads\/2012\/08\/Nasi-go\u015bcie-z-Kanady-300x225.jpg\" alt=\"\" width=\"300\" height=\"225\" srcset=\"\/adamczewski\/wp-content\/uploads\/2012\/08\/Nasi-go\u015bcie-z-Kanady-300x225.jpg 300w, \/adamczewski\/wp-content\/uploads\/2012\/08\/Nasi-go\u015bcie-z-Kanady.jpg 640w\" sizes=\"(max-width: 300px) 100vw, 300px\" \/><\/a><br \/>\nOkaza\u0142o si\u0119, \u017ce strza\u0142 by\u0142 celny. 100 pierog\u00f3w (mniej wi\u0119cej po r\u00f3wno ka\u017cdego rodzaju: z kurkami, mi\u0119sem drobiowym i z ziemniakami oraz serem czyli tzw. ruskie) znikn\u0119\u0142o z p\u00f3\u0142misk\u00f3w w mig i niemal doszcz\u0119tnie. Barszcz\u00a0&#8211; mimo, \u017ce by\u0142 do\u015b\u0107 pikantny, bo drgn\u0119\u0142a mi r\u0119ka podczas u\u017cywania pieprzniczki\u00a0&#8211; podobnie. Ale najwi\u0119cej rado\u015bci wywo\u0142a\u0142a szarlotka.<br \/>\nCho\u0107 mo\u017ce ciesz\u0119 si\u0119 z sukcesu troch\u0119 na wyrost. Przed obiadem m\u0142odzie\u017c kanadyjska do\u015b\u0107 d\u0142ugo biega\u0142a po lesie a potem moczy\u0142a w basenie. Ruch za\u015b jak wiadomo pobudza apetyt na r\u00f3wni z widokiem zastawionego sto\u0142u.<br \/>\nJak by\u0142o, tak by\u0142o ale my uwa\u017camy wizyt\u0119 za nadzwyczaj udan\u0105. I ju\u017c czekamy a\u017c podro\u015bnie najm\u0142odsza Noa i wszyscy pojawi\u0105 si\u0119 nad Narwi\u0105.<\/p>\n<p>Fot. P. Adamczewski<\/p>\n","protected":false},"excerpt":{"rendered":"<p>Chyba wspomina\u0142em, \u017ce spodziewamy si\u0119 wizyty m\u0142odych toronta\u0144czyk\u00f3w. I wreszcie przyjechali. Wprawdzie g\u0142\u00f3wnym celem by\u0142a s\u0105siednia wie\u015b gdzie maj\u0105 letni dom moi najbli\u017csi przyjaciele,\u00a0 a przy okazji rodzice Tomka, kt\u00f3ry sko\u0144czy\u0142 szko\u0142\u0119 i dwa uniwersytety\u00a0&#8211; w Montrealu i Toronto, o\u017ceni\u0142 si\u0119 i rozmno\u017cy\u0142 ju\u017c na kanadyjskiej ziemi, zostaj\u0105c tam na sta\u0142e. W tym roku przywi\u00f3z\u0142 [&hellip;]<\/p>\n","protected":false},"author":2,"featured_media":0,"comment_status":"open","ping_status":"open","sticky":false,"template":"","format":"standard","meta":{"footnotes":""},"categories":[1],"tags":[],"_links":{"self":[{"href":"https:\/\/blog.polityka.pl\/adamczewski\/wp-json\/wp\/v2\/posts\/5055"}],"collection":[{"href":"https:\/\/blog.polityka.pl\/adamczewski\/wp-json\/wp\/v2\/posts"}],"about":[{"href":"https:\/\/blog.polityka.pl\/adamczewski\/wp-json\/wp\/v2\/types\/post"}],"author":[{"embeddable":true,"href":"https:\/\/blog.polityka.pl\/adamczewski\/wp-json\/wp\/v2\/users\/2"}],"replies":[{"embeddable":true,"href":"https:\/\/blog.polityka.pl\/adamczewski\/wp-json\/wp\/v2\/comments?post=5055"}],"version-history":[{"count":6,"href":"https:\/\/blog.polityka.pl\/adamczewski\/wp-json\/wp\/v2\/posts\/5055\/revisions"}],"predecessor-version":[{"id":5217,"href":"https:\/\/blog.polityka.pl\/adamczewski\/wp-json\/wp\/v2\/posts\/5055\/revisions\/5217"}],"wp:attachment":[{"href":"https:\/\/blog.polityka.pl\/adamczewski\/wp-json\/wp\/v2\/media?parent=5055"}],"wp:term":[{"taxonomy":"category","embeddable":true,"href":"https:\/\/blog.polityka.pl\/adamczewski\/wp-json\/wp\/v2\/categories?post=5055"},{"taxonomy":"post_tag","embeddable":true,"href":"https:\/\/blog.polityka.pl\/adamczewski\/wp-json\/wp\/v2\/tags?post=5055"}],"curies":[{"name":"wp","href":"https:\/\/api.w.org\/{rel}","templated":true}]}}