
{"id":5079,"date":"2013-09-13T08:29:46","date_gmt":"2013-09-13T07:29:46","guid":{"rendered":"http:\/\/adamczewscy.pl\/?p=5079"},"modified":"2013-09-13T08:29:46","modified_gmt":"2013-09-13T07:29:46","slug":"biszkoptowe-bliznieta","status":"publish","type":"post","link":"https:\/\/blog.polityka.pl\/adamczewski\/2013\/09\/13\/biszkoptowe-bliznieta\/","title":{"rendered":"Biszkoptowe bli\u017ani\u0119ta"},"content":{"rendered":"<p><em>3 jaja, szklanka m\u0105ki, 1\/2 szklanki cukru, kilka kropel esencji waniliowej, \u0142y\u017cka maku, 20 dag  marmolady,<br \/>\nDo wysmarowania blaszki:  \u0142y\u017ceczka mas\u0142a<\/em><\/p>\n<p>1. Jaja wymiesza\u0107 z cukrem i ubi\u0107 na parze w naczyniu   ustawionym nad garnkiem z gotuj\u0105c\u0105 si\u0119 wod\u0105.<br \/>\n2. Kiedy masa jajeczna jest bardzo pulchna doda\u0107 m\u0105k\u0119 i delikatnie wymiesza\u0107.<br \/>\n3. Na wysmarowanej mas\u0142em blaszce  formowa\u0107 \u0142y\u017ceczk\u0105 niewielkie okr\u0105g\u0142e ciasteczka zachowuj\u0105c do\u015b\u0107 du\u017ce odst\u0119py. Powierzchni\u0119 ciastek posypa\u0107 makiem.<br \/>\n4. W  piekarniku nagrzanym do 170 st. C  piec ciasteczka  na jasnoz\u0142oto.<br \/>\n5. Kiedy ciasteczka ostygn\u0105 przek\u0142ada\u0107 je  marmolad\u0105  i skleja\u0107  po dwa.<\/p>\n","protected":false},"excerpt":{"rendered":"<p>3 jaja, szklanka m\u0105ki, 1\/2 szklanki cukru, kilka kropel esencji waniliowej, \u0142y\u017cka maku, 20 dag marmolady, Do wysmarowania blaszki: \u0142y\u017ceczka mas\u0142a 1. Jaja wymiesza\u0107 z cukrem i ubi\u0107 na parze w naczyniu ustawionym nad garnkiem z gotuj\u0105c\u0105 si\u0119 wod\u0105. 2. Kiedy masa jajeczna jest bardzo pulchna doda\u0107 m\u0105k\u0119 i delikatnie wymiesza\u0107. 3. Na wysmarowanej mas\u0142em [&hellip;]<\/p>\n","protected":false},"author":2,"featured_media":0,"comment_status":"open","ping_status":"open","sticky":false,"template":"","format":"standard","meta":{"footnotes":""},"categories":[1],"tags":[],"_links":{"self":[{"href":"https:\/\/blog.polityka.pl\/adamczewski\/wp-json\/wp\/v2\/posts\/5079"}],"collection":[{"href":"https:\/\/blog.polityka.pl\/adamczewski\/wp-json\/wp\/v2\/posts"}],"about":[{"href":"https:\/\/blog.polityka.pl\/adamczewski\/wp-json\/wp\/v2\/types\/post"}],"author":[{"embeddable":true,"href":"https:\/\/blog.polityka.pl\/adamczewski\/wp-json\/wp\/v2\/users\/2"}],"replies":[{"embeddable":true,"href":"https:\/\/blog.polityka.pl\/adamczewski\/wp-json\/wp\/v2\/comments?post=5079"}],"version-history":[{"count":0,"href":"https:\/\/blog.polityka.pl\/adamczewski\/wp-json\/wp\/v2\/posts\/5079\/revisions"}],"wp:attachment":[{"href":"https:\/\/blog.polityka.pl\/adamczewski\/wp-json\/wp\/v2\/media?parent=5079"}],"wp:term":[{"taxonomy":"category","embeddable":true,"href":"https:\/\/blog.polityka.pl\/adamczewski\/wp-json\/wp\/v2\/categories?post=5079"},{"taxonomy":"post_tag","embeddable":true,"href":"https:\/\/blog.polityka.pl\/adamczewski\/wp-json\/wp\/v2\/tags?post=5079"}],"curies":[{"name":"wp","href":"https:\/\/api.w.org\/{rel}","templated":true}]}}