
{"id":508,"date":"2008-06-04T08:00:33","date_gmt":"2008-06-04T06:00:33","guid":{"rendered":"http:\/\/adamczewski.blog.polityka.pl\/?p=508"},"modified":"2008-06-04T08:00:33","modified_gmt":"2008-06-04T06:00:33","slug":"zgadnij-co-gotujemy93","status":"publish","type":"post","link":"https:\/\/blog.polityka.pl\/adamczewski\/2008\/06\/04\/zgadnij-co-gotujemy93\/","title":{"rendered":"Zgadnij co gotujemy?(93)"},"content":{"rendered":"<p>Okolice Warszawy obrastaj\u0105 w smakowite miejsca. Kilka miesi\u0119cy temu otwarto w Milan\u00f3wku restauracj\u0119 o wdzi\u0119cznej polskiej nazwie &#8222;Willa Bor\u00f3wka&#8221;. W\u0142a\u015bciciel &#8211; Belg. No to oczywi\u015bcie kuchnia flamandzko-walo\u0144ska. (Nie k\u0142\u00f3c\u0105 si\u0119 przy stole!) Sprawozdanie i recenzj\u0119 z Milan\u00f3wka zamieszcz\u0119 po drugiej, a mo\u017ce i trzeciej bytno\u015bci. Tymczasem do kraju Belg\u00f3w nawi\u0105\u017c\u0119 w zgadywance. A nagrod\u0105 b\u0119dzie ksi\u0105\u017ceczka Barbary Adamczewskiej z cyklu Encyklopedia gotowania &#8211; &#8222;Potrawy z serami&#8221;. Aby otrzyma\u0107 ksi\u0105\u017ck\u0119 opatrzon\u0105 moj\u0105 dedykacj\u0105\u00a0 a tak\u017ce autografem autorki trzeba odpowiedzie\u0107 na trzy pytania i nie zwlekaj\u0105c wys\u0142a\u0107 list na adres:\u00a0 internet@polityka.com.pl<\/p>\n<p>A oto pytania:<br \/>\n1. D\u0142ugonogie \u015bwinie \u017cyj\u0105 w jednej cz\u0119\u015bci Belgii i dzi\u0119ki nim \u015bwiat smakoszy mo\u017ce je\u015b\u0107 wspania\u0142e szynki. Jak nazywa si\u0119 ta cz\u0119\u015b\u0107 Belgii a zarazem i owa szynka?<br \/>\n2. W okolicach Akwizgranu z mleka tamtejszych kr\u00f3w robi si\u0119 s\u0142ynny i niezwykle silnie pachn\u0105cy ser &#8211; jak \u00f3w smako\u0142yk si\u0119 nazywa?<br \/>\n3. W Liege na Nowy Rok s\u0142odko pachnie. Co wydaje ten s\u0142odki zapach dochodz\u0105cy ze wszystkich piekarni a nawet domowych kuchni?<\/p>\n<p>Szybko siadajcie do komputer\u00f3w. Czekam na listy i przygotowuj\u0119 ksi\u0105\u017ck\u0119 do wysy\u0142ki. Powodzenia!<\/p>\n","protected":false},"excerpt":{"rendered":"<p>Okolice Warszawy obrastaj\u0105 w smakowite miejsca. Kilka miesi\u0119cy temu otwarto w Milan\u00f3wku restauracj\u0119 o wdzi\u0119cznej polskiej nazwie &#8222;Willa Bor\u00f3wka&#8221;. W\u0142a\u015bciciel &#8211; Belg. No to oczywi\u015bcie kuchnia flamandzko-walo\u0144ska. (Nie k\u0142\u00f3c\u0105 si\u0119 przy stole!) Sprawozdanie i recenzj\u0119 z Milan\u00f3wka zamieszcz\u0119 po drugiej, a mo\u017ce i trzeciej bytno\u015bci. Tymczasem do kraju Belg\u00f3w nawi\u0105\u017c\u0119 w zgadywance. A nagrod\u0105 b\u0119dzie [&hellip;]<\/p>\n","protected":false},"author":2,"featured_media":0,"comment_status":"open","ping_status":"open","sticky":false,"template":"","format":"standard","meta":{"footnotes":""},"categories":[1],"tags":[],"_links":{"self":[{"href":"https:\/\/blog.polityka.pl\/adamczewski\/wp-json\/wp\/v2\/posts\/508"}],"collection":[{"href":"https:\/\/blog.polityka.pl\/adamczewski\/wp-json\/wp\/v2\/posts"}],"about":[{"href":"https:\/\/blog.polityka.pl\/adamczewski\/wp-json\/wp\/v2\/types\/post"}],"author":[{"embeddable":true,"href":"https:\/\/blog.polityka.pl\/adamczewski\/wp-json\/wp\/v2\/users\/2"}],"replies":[{"embeddable":true,"href":"https:\/\/blog.polityka.pl\/adamczewski\/wp-json\/wp\/v2\/comments?post=508"}],"version-history":[{"count":0,"href":"https:\/\/blog.polityka.pl\/adamczewski\/wp-json\/wp\/v2\/posts\/508\/revisions"}],"wp:attachment":[{"href":"https:\/\/blog.polityka.pl\/adamczewski\/wp-json\/wp\/v2\/media?parent=508"}],"wp:term":[{"taxonomy":"category","embeddable":true,"href":"https:\/\/blog.polityka.pl\/adamczewski\/wp-json\/wp\/v2\/categories?post=508"},{"taxonomy":"post_tag","embeddable":true,"href":"https:\/\/blog.polityka.pl\/adamczewski\/wp-json\/wp\/v2\/tags?post=508"}],"curies":[{"name":"wp","href":"https:\/\/api.w.org\/{rel}","templated":true}]}}