
{"id":5081,"date":"2013-09-13T08:30:35","date_gmt":"2013-09-13T07:30:35","guid":{"rendered":"http:\/\/adamczewscy.pl\/?p=5081"},"modified":"2013-09-13T08:30:35","modified_gmt":"2013-09-13T07:30:35","slug":"ciasteczka-imbirowe-ii","status":"publish","type":"post","link":"https:\/\/blog.polityka.pl\/adamczewski\/2013\/09\/13\/ciasteczka-imbirowe-ii\/","title":{"rendered":"Ciasteczka imbirowe II"},"content":{"rendered":"<p><em>2 p\u0142askie \u0142y\u017ceczki mielonego imbiru, 1,5 szklanki cukru, 2 \u017c\u00f3\u0142tka, 2 jajka, 1,5 szklanki m\u0105ki krupczatki,  \u0142y\u017ceczka mas\u0142a do posmarowania blaszki<\/em><\/p>\n<p>1. Jajka i \u017c\u00f3\u0142tka utrze\u0107 z cukrem na puszyst\u0105 mas\u0119, doda\u0107 przesian\u0105 m\u0105k\u0119 i mielony imbir. Dobrze wyrobi\u0107 ciasto.<br \/>\n2. Rozwa\u0142kowa\u0107 ciasto na p\u0142aty grubo\u015bci 3 &#8211; 5 mm i powycina\u0107  ciastka, pouk\u0142ada\u0107 na wysmarowanej mas\u0142em blaszce i pozostawi\u0107  na 3 &#8211; 4 godziny.<br \/>\n3. Po tym czasie upiec w niezbyt gor\u0105cym piekarniku na rumiano. Przechowa\u0107 w  zakr\u0119canym s\u0142oju, najlepiej 2 &#8211; 3 dni  . Dopiero wtedy osi\u0105gn\u0105  najlepszy smak.<\/p>\n","protected":false},"excerpt":{"rendered":"<p>2 p\u0142askie \u0142y\u017ceczki mielonego imbiru, 1,5 szklanki cukru, 2 \u017c\u00f3\u0142tka, 2 jajka, 1,5 szklanki m\u0105ki krupczatki, \u0142y\u017ceczka mas\u0142a do posmarowania blaszki 1. Jajka i \u017c\u00f3\u0142tka utrze\u0107 z cukrem na puszyst\u0105 mas\u0119, doda\u0107 przesian\u0105 m\u0105k\u0119 i mielony imbir. Dobrze wyrobi\u0107 ciasto. 2. Rozwa\u0142kowa\u0107 ciasto na p\u0142aty grubo\u015bci 3 &#8211; 5 mm i powycina\u0107 ciastka, pouk\u0142ada\u0107 na [&hellip;]<\/p>\n","protected":false},"author":2,"featured_media":0,"comment_status":"open","ping_status":"open","sticky":false,"template":"","format":"standard","meta":{"footnotes":""},"categories":[1],"tags":[],"_links":{"self":[{"href":"https:\/\/blog.polityka.pl\/adamczewski\/wp-json\/wp\/v2\/posts\/5081"}],"collection":[{"href":"https:\/\/blog.polityka.pl\/adamczewski\/wp-json\/wp\/v2\/posts"}],"about":[{"href":"https:\/\/blog.polityka.pl\/adamczewski\/wp-json\/wp\/v2\/types\/post"}],"author":[{"embeddable":true,"href":"https:\/\/blog.polityka.pl\/adamczewski\/wp-json\/wp\/v2\/users\/2"}],"replies":[{"embeddable":true,"href":"https:\/\/blog.polityka.pl\/adamczewski\/wp-json\/wp\/v2\/comments?post=5081"}],"version-history":[{"count":0,"href":"https:\/\/blog.polityka.pl\/adamczewski\/wp-json\/wp\/v2\/posts\/5081\/revisions"}],"wp:attachment":[{"href":"https:\/\/blog.polityka.pl\/adamczewski\/wp-json\/wp\/v2\/media?parent=5081"}],"wp:term":[{"taxonomy":"category","embeddable":true,"href":"https:\/\/blog.polityka.pl\/adamczewski\/wp-json\/wp\/v2\/categories?post=5081"},{"taxonomy":"post_tag","embeddable":true,"href":"https:\/\/blog.polityka.pl\/adamczewski\/wp-json\/wp\/v2\/tags?post=5081"}],"curies":[{"name":"wp","href":"https:\/\/api.w.org\/{rel}","templated":true}]}}