
{"id":5115,"date":"2012-08-31T08:00:13","date_gmt":"2012-08-31T06:00:13","guid":{"rendered":"http:\/\/adamczewski.blog.polityka.pl\/?p=5115"},"modified":"2012-09-04T14:21:35","modified_gmt":"2012-09-04T12:21:35","slug":"zjazd-na-vi-zjazd","status":"publish","type":"post","link":"https:\/\/blog.polityka.pl\/adamczewski\/2012\/08\/31\/zjazd-na-vi-zjazd\/","title":{"rendered":"Zjazd na VI Zjazd"},"content":{"rendered":"<p>Jedni ju\u017c na miejscu, inni w drodze a jeszcze inni siedz\u0105 w domach i patrz\u0105 na monitory komputer\u00f3w czekaj\u0105c na relacje z tego mi\u0119dzynarodowego, b\u0105d\u017a co b\u0105d\u017a, wydarzenia. Tym razem grono do\u015b\u0107 liczne, bo \u0107wier\u0107 setki (lepiej to brzmi ni\u017c proste 25 os\u00f3b) reprezentuj\u0105cej dwa kontynenty, w tym takie mocarstwa jak Niemcy, USA i Kanada, \u017ce o Polsce nie wspomn\u0119.<\/p>\n<p><!--more--><\/p>\n<p>Z zapowiedzi wynika, \u017ce na sto\u0142ach b\u0119d\u0105 wyj\u0105tkowe frykasy. M.in. dziczyzna, ryby, pasztety. A tak\u017ce liczne i r\u00f3\u017cne nalewki oraz wina z r\u00f3\u017cnych stron Europy. Wszystko to b\u0119dzie mo\u017cna zobaczy\u0107 ale dopiero za kilka dni gdy Marek czyli Mi\u015b zostanie odwieziony na Kurpie i zechce pokaza\u0107 co zarejestrowa\u0142 jego wielki obiektyw. Tymczasem wi\u0119c zamieszczam kilka zdj\u0119\u0107 da\u0144, kt\u00f3re jad\u0142em podczas tegorocznej podr\u00f3\u017cy. Zjazdowa fotorelacja b\u0119dzie oczywi\u015bcie znacznie atrakcyjniejsza, bo to i fotograf o kilka klas lepszy a i mistrzowie kuchni lepsi ni\u017c wszyscy kucharze w\u0142oscy czy austriaccy, kt\u00f3rych produkcj\u0119 przedstawiam. Ale jak si\u0119 nie ma co si\u0119 lubi, to si\u0119 lubi co si\u0119 ma!<\/p>\n<p><a href=\"\/wp-content\/uploads\/2012\/08\/Krewetki.jpg\"><img loading=\"lazy\" decoding=\"async\" class=\"aligncenter size-medium wp-image-5117\" title=\"OLYMPUS DIGITAL CAMERA\" src=\"\/wp-content\/uploads\/2012\/08\/Krewetki-300x225.jpg\" alt=\"\" width=\"300\" height=\"225\" srcset=\"\/adamczewski\/wp-content\/uploads\/2012\/08\/Krewetki-300x225.jpg 300w, \/adamczewski\/wp-content\/uploads\/2012\/08\/Krewetki-1024x768.jpg 1024w\" sizes=\"(max-width: 300px) 100vw, 300px\" \/><\/a><\/p>\n<p><a href=\"\/wp-content\/uploads\/2012\/08\/Tagliatelle-z-prawdziwkami.jpg\"><img loading=\"lazy\" decoding=\"async\" class=\"aligncenter size-medium wp-image-5118\" title=\"OLYMPUS DIGITAL CAMERA\" src=\"\/wp-content\/uploads\/2012\/08\/Tagliatelle-z-prawdziwkami-300x225.jpg\" alt=\"\" width=\"300\" height=\"225\" srcset=\"\/adamczewski\/wp-content\/uploads\/2012\/08\/Tagliatelle-z-prawdziwkami-300x225.jpg 300w, \/adamczewski\/wp-content\/uploads\/2012\/08\/Tagliatelle-z-prawdziwkami-1024x768.jpg 1024w\" sizes=\"(max-width: 300px) 100vw, 300px\" \/><\/a><\/p>\n<p><a href=\"\/wp-content\/uploads\/2012\/08\/Przek\u0105ska.jpg\"><img loading=\"lazy\" decoding=\"async\" class=\"aligncenter size-medium wp-image-5119\" title=\"OLYMPUS DIGITAL CAMERA\" src=\"\/wp-content\/uploads\/2012\/08\/Przek\u0105ska-300x225.jpg\" alt=\"\" width=\"300\" height=\"225\" srcset=\"\/adamczewski\/wp-content\/uploads\/2012\/08\/Przek\u0105ska-300x225.jpg 300w, \/adamczewski\/wp-content\/uploads\/2012\/08\/Przek\u0105ska-1024x768.jpg 1024w\" sizes=\"(max-width: 300px) 100vw, 300px\" \/><\/a><\/p>\n<p><a href=\"\/wp-content\/uploads\/2012\/08\/Ryby-w-Ajaccio.jpg\"><img loading=\"lazy\" decoding=\"async\" class=\"aligncenter size-medium wp-image-5120\" title=\"OLYMPUS DIGITAL CAMERA\" src=\"\/wp-content\/uploads\/2012\/08\/Ryby-w-Ajaccio-300x225.jpg\" alt=\"\" width=\"300\" height=\"225\" srcset=\"\/adamczewski\/wp-content\/uploads\/2012\/08\/Ryby-w-Ajaccio-300x225.jpg 300w, \/adamczewski\/wp-content\/uploads\/2012\/08\/Ryby-w-Ajaccio-1024x768.jpg 1024w\" sizes=\"(max-width: 300px) 100vw, 300px\" \/><\/a><\/p>\n<p><a href=\"\/wp-content\/uploads\/2012\/08\/Lody.jpg\"><img loading=\"lazy\" decoding=\"async\" class=\"aligncenter size-medium wp-image-5121\" title=\"OLYMPUS DIGITAL CAMERA\" src=\"\/wp-content\/uploads\/2012\/08\/Lody-300x225.jpg\" alt=\"\" width=\"300\" height=\"225\" srcset=\"\/adamczewski\/wp-content\/uploads\/2012\/08\/Lody-300x225.jpg 300w, \/adamczewski\/wp-content\/uploads\/2012\/08\/Lody-1024x768.jpg 1024w\" sizes=\"(max-width: 300px) 100vw, 300px\" \/><\/a><\/p>\n<p>To tyle obrazk\u00f3w z minionego lata. A te z bie\u017c\u0105cego weekendu pewnie w przysz\u0142ym tygodniu.<\/p>\n","protected":false},"excerpt":{"rendered":"<p>Jedni ju\u017c na miejscu, inni w drodze a jeszcze inni siedz\u0105 w domach i patrz\u0105 na monitory komputer\u00f3w czekaj\u0105c na relacje z tego mi\u0119dzynarodowego, b\u0105d\u017a co b\u0105d\u017a, wydarzenia. Tym razem grono do\u015b\u0107 liczne, bo \u0107wier\u0107 setki (lepiej to brzmi ni\u017c proste 25 os\u00f3b) reprezentuj\u0105cej dwa kontynenty, w tym takie mocarstwa jak Niemcy, USA i Kanada, [&hellip;]<\/p>\n","protected":false},"author":2,"featured_media":0,"comment_status":"open","ping_status":"open","sticky":false,"template":"","format":"standard","meta":{"footnotes":""},"categories":[1],"tags":[],"_links":{"self":[{"href":"https:\/\/blog.polityka.pl\/adamczewski\/wp-json\/wp\/v2\/posts\/5115"}],"collection":[{"href":"https:\/\/blog.polityka.pl\/adamczewski\/wp-json\/wp\/v2\/posts"}],"about":[{"href":"https:\/\/blog.polityka.pl\/adamczewski\/wp-json\/wp\/v2\/types\/post"}],"author":[{"embeddable":true,"href":"https:\/\/blog.polityka.pl\/adamczewski\/wp-json\/wp\/v2\/users\/2"}],"replies":[{"embeddable":true,"href":"https:\/\/blog.polityka.pl\/adamczewski\/wp-json\/wp\/v2\/comments?post=5115"}],"version-history":[{"count":5,"href":"https:\/\/blog.polityka.pl\/adamczewski\/wp-json\/wp\/v2\/posts\/5115\/revisions"}],"predecessor-version":[{"id":5144,"href":"https:\/\/blog.polityka.pl\/adamczewski\/wp-json\/wp\/v2\/posts\/5115\/revisions\/5144"}],"wp:attachment":[{"href":"https:\/\/blog.polityka.pl\/adamczewski\/wp-json\/wp\/v2\/media?parent=5115"}],"wp:term":[{"taxonomy":"category","embeddable":true,"href":"https:\/\/blog.polityka.pl\/adamczewski\/wp-json\/wp\/v2\/categories?post=5115"},{"taxonomy":"post_tag","embeddable":true,"href":"https:\/\/blog.polityka.pl\/adamczewski\/wp-json\/wp\/v2\/tags?post=5115"}],"curies":[{"name":"wp","href":"https:\/\/api.w.org\/{rel}","templated":true}]}}