
{"id":5128,"date":"2012-09-04T08:00:46","date_gmt":"2012-09-04T06:00:46","guid":{"rendered":"http:\/\/adamczewski.blog.polityka.pl\/?p=5128"},"modified":"2012-09-12T12:28:41","modified_gmt":"2012-09-12T10:28:41","slug":"i-zaba-zostala-sama%e2%80%a6","status":"publish","type":"post","link":"https:\/\/blog.polityka.pl\/adamczewski\/2012\/09\/04\/i-zaba-zostala-sama%e2%80%a6\/","title":{"rendered":"I \u017baba zosta\u0142a sama?"},"content":{"rendered":"<p><a href=\"\/wp-content\/uploads\/2012\/09\/Kolarz-Piotr.jpg\"><img loading=\"lazy\" decoding=\"async\" class=\"aligncenter size-medium wp-image-5131\" title=\"Kolarz Piotr\" src=\"\/wp-content\/uploads\/2012\/09\/Kolarz-Piotr-225x300.jpg\" alt=\"\" width=\"225\" height=\"300\" srcset=\"\/adamczewski\/wp-content\/uploads\/2012\/09\/Kolarz-Piotr-225x300.jpg 225w, \/adamczewski\/wp-content\/uploads\/2012\/09\/Kolarz-Piotr.jpg 360w\" sizes=\"(max-width: 225px) 100vw, 225px\" \/><\/a><\/p>\n<p><em>Przymiarka do podr\u00f3\u017cy (chyba w tr\u00f3jk\u0119 nie da rady) Fot. A. Hali\u0144ski<\/em><\/p>\n<p>Prawie sama, bo przecie\u017c towarzyszy jej Sylwia oraz kilkadziesi\u0105t koni oraz cztery psy. Ale blogowa banda dotar\u0142a ju\u017c do w\u0142asnych dom\u00f3w.<\/p>\n<p><!--more--><br \/>\nZjazdu nie b\u0119d\u0119 relacjonowa\u0142, bo robi\u0142 to na bie\u017c\u0105co &#8222;m\u0142odzieniaszek&#8221; Cichal (widzisz smarkaczu jak Ci\u0119 starcy oceniaj\u0105 m\u0142odo?!) oraz wypowiedzia\u0142y si\u0119 ju\u017c kole\u017canki. Poka\u017c\u0119 wi\u0119c tylko zdj\u0119cie zbiorowe (fot. Mistrz Marek Kulikowski) z propozycj\u0105 por\u00f3wnania z podobnym ze Zjazdu nr 1 (na schodach Muzeum w K\u00f3rniku).<\/p>\n<p><a href=\"\/wp-content\/uploads\/2012\/09\/Zjazd-Sz\u00f3sty.jpg\"><img loading=\"lazy\" decoding=\"async\" class=\"aligncenter size-medium wp-image-5129\" title=\"Zjazd Sz\u00f3sty\" src=\"\/wp-content\/uploads\/2012\/09\/Zjazd-Sz\u00f3sty-300x228.jpg\" alt=\"\" width=\"300\" height=\"228\" srcset=\"\/adamczewski\/wp-content\/uploads\/2012\/09\/Zjazd-Sz\u00f3sty-300x228.jpg 300w, \/adamczewski\/wp-content\/uploads\/2012\/09\/Zjazd-Sz\u00f3sty.jpg 640w\" sizes=\"(max-width: 300px) 100vw, 300px\" \/><\/a><\/p>\n<p><em>Tu brakuje tylko Marka-Misia, kt\u00f3ry jest z drugiej strony obiektywu czyli fot. M. Kulikowski<\/em><\/p>\n<p>No i pochwal\u0119 si\u0119 trofeami zjazdowymi czyli konfitur\u0105 morelow\u0105 \u017baby (niech \u017cyje wiecznie najs\u0142odsza z \u017cab) a tak\u017ce marynat\u0105 z s\u0105siedztwa, kt\u00f3r\u0105 dok\u0142adnie opisz\u0119 po spo\u017cyciu i przetrawieniu.<\/p>\n<p><a href=\"\/wp-content\/uploads\/2012\/09\/Z-\u017babich-B\u0142ot.jpg\"><img loading=\"lazy\" decoding=\"async\" class=\"aligncenter size-medium wp-image-5130\" title=\"OLYMPUS DIGITAL CAMERA\" src=\"\/wp-content\/uploads\/2012\/09\/Z-\u017babich-B\u0142ot-300x225.jpg\" alt=\"\" width=\"300\" height=\"225\" srcset=\"\/adamczewski\/wp-content\/uploads\/2012\/09\/Z-\u017babich-B\u0142ot-300x225.jpg 300w, \/adamczewski\/wp-content\/uploads\/2012\/09\/Z-\u017babich-B\u0142ot.jpg 640w\" sizes=\"(max-width: 300px) 100vw, 300px\" \/><\/a><br \/>\n<em>Fot. P. Adamczewski<\/em><\/p>\n<p><em>\u017babiob\u0142ockie wyroby<\/em><\/p>\n<p>Aby jednak nie narazi\u0107 si\u0119 na zbyt kr\u00f3tkie teksty, kt\u00f3re nie daj\u0105 pola do popisu komentatorom \u017c\u0105dnym przy\u0142apania autora na tym czy owym to dodam jeszcze kilka zda\u0144 o Po\u0142czynie Zdr\u00f3j. A w\u0142a\u015bciwie\u00a0 o tamtejszym \u017cyciu hotelowym. Zarezerwowali\u015bmy wraz z Markiem dwa pokoje w hotelu Gryf, kt\u00f3ry jest jedn\u0105 z cz\u0119\u015bci wielkiego po\u0142czy\u0144skiego uzdrowiska. Widok solidnych gmach\u00f3w, kt\u00f3re obejrza\u0142em w Internecie zach\u0119ci\u0142y nas do sp\u0119dzenia tam nocy. Do Gryfa dotarli\u015bmy w sobot\u0119 oko\u0142o godz. 13. Panienki w recepcji zawiadomi\u0142y nas ch\u0142odno, \u017ce doba hotelowa u nich zaczyna si\u0119 o 17 i do tej pory mamy czas sobie sp\u0119dzi\u0107 w parku miejskim albo i gdzie indziej. O zostawieniu rzeczy lub\u00a0&#8211; o zgrozo\u00a0&#8211; zakwaterowaniu nas wszystkich na kr\u00f3tko w jakim\u015b innym pomieszczeniu nie by\u0142o mowy. -Taki mamy regulamin, bo my to NFZ\u00a0&#8211; powiedzia\u0142a panienka i zaj\u0119\u0142a si\u0119 ogl\u0105daniem czego\u015b w komputerze.<br \/>\nZrezygnowali\u015bmy wi\u0119c z pi\u0119knego Gryfa i podjechali\u015bmy do ca\u0142kiem pospolitego hotelu Polanin. Tam nas przyj\u0119to z otwartymi r\u0119kami i ju\u017c o 13.30 (po prysznicu i przebraniu) mogli\u015bmy ruszy\u0107 do \u017baby.<br \/>\nZalet\u0105 Polanina by\u0142o tak\u017ce smaczne \u015bniadanie. I bardzo mi\u0142e dziewczyny obs\u0142ugi.<br \/>\nTyle przyg\u00f3d podr\u00f3\u017cnika.<\/p>\n","protected":false},"excerpt":{"rendered":"<p>Przymiarka do podr\u00f3\u017cy (chyba w tr\u00f3jk\u0119 nie da rady) Fot. A. Hali\u0144ski Prawie sama, bo przecie\u017c towarzyszy jej Sylwia oraz kilkadziesi\u0105t koni oraz cztery psy. Ale blogowa banda dotar\u0142a ju\u017c do w\u0142asnych dom\u00f3w.<\/p>\n","protected":false},"author":2,"featured_media":0,"comment_status":"open","ping_status":"open","sticky":false,"template":"","format":"standard","meta":{"footnotes":""},"categories":[1],"tags":[],"_links":{"self":[{"href":"https:\/\/blog.polityka.pl\/adamczewski\/wp-json\/wp\/v2\/posts\/5128"}],"collection":[{"href":"https:\/\/blog.polityka.pl\/adamczewski\/wp-json\/wp\/v2\/posts"}],"about":[{"href":"https:\/\/blog.polityka.pl\/adamczewski\/wp-json\/wp\/v2\/types\/post"}],"author":[{"embeddable":true,"href":"https:\/\/blog.polityka.pl\/adamczewski\/wp-json\/wp\/v2\/users\/2"}],"replies":[{"embeddable":true,"href":"https:\/\/blog.polityka.pl\/adamczewski\/wp-json\/wp\/v2\/comments?post=5128"}],"version-history":[{"count":8,"href":"https:\/\/blog.polityka.pl\/adamczewski\/wp-json\/wp\/v2\/posts\/5128\/revisions"}],"predecessor-version":[{"id":5215,"href":"https:\/\/blog.polityka.pl\/adamczewski\/wp-json\/wp\/v2\/posts\/5128\/revisions\/5215"}],"wp:attachment":[{"href":"https:\/\/blog.polityka.pl\/adamczewski\/wp-json\/wp\/v2\/media?parent=5128"}],"wp:term":[{"taxonomy":"category","embeddable":true,"href":"https:\/\/blog.polityka.pl\/adamczewski\/wp-json\/wp\/v2\/categories?post=5128"},{"taxonomy":"post_tag","embeddable":true,"href":"https:\/\/blog.polityka.pl\/adamczewski\/wp-json\/wp\/v2\/tags?post=5128"}],"curies":[{"name":"wp","href":"https:\/\/api.w.org\/{rel}","templated":true}]}}