
{"id":5145,"date":"2012-09-06T08:00:49","date_gmt":"2012-09-06T06:00:49","guid":{"rendered":"http:\/\/adamczewski.blog.polityka.pl\/?p=5145"},"modified":"2012-09-06T08:04:35","modified_gmt":"2012-09-06T06:04:35","slug":"prowansja-lubelszczyzna-zachodu","status":"publish","type":"post","link":"https:\/\/blog.polityka.pl\/adamczewski\/2012\/09\/06\/prowansja-lubelszczyzna-zachodu\/","title":{"rendered":"Prowansja Lubelszczyzn\u0105 Zachodu"},"content":{"rendered":"<p>W\u0142a\u015bnie rozpoczyna si\u0119 czwarta edycja Europejskiego Festiwalu Smaku w Lublinie. Zapraszaj\u0105c go\u015bci do swego miasta prezydent, wojewoda i marsza\u0142ek pisz\u0105 w programowym folderze, \u017ce chcieliby aby Lubelszczyzna sta\u0142a si\u0119 Prowansj\u0105 Wschodu.<\/p>\n<p><!--more--><!--more--><!--more-->A ja wol\u0119 by nadal zosta\u0142a Lubelszczyzn\u0105 i niech Prowansalczycy staraj\u0105 si\u0119 jej dor\u00f3wna\u0107. Takiej r\u00f3\u017cnorodno\u015bci bowiem u siebie nie maj\u0105. Lublin poka\u017ce bowiem kuchni\u0119 tatarska, ukrai\u0144sk\u0105, nadbu\u017ca\u0144sk\u0105, olendersk\u0105, szwedzk\u0105 no\u00a0 i oczywi\u015bcie rdzennie lubelsk\u0105.<br \/>\nW t\u0119 wielk\u0105 imprez\u0119 zaanga\u017cowane s\u0105 chyba wszystkie lubelskie restauracje i kluby. B\u0119dzie mo\u017cna w nich nie tylko je\u015b\u0107 i pi\u0107 ale tak\u017ce podziwia\u0107 wystawy n.p malarsk\u0105 zatytu\u0142owan\u0105 &#8222;\u015aled\u017a grodzki&#8221; zorganizowan\u0105 w restauracji Hades-Szeroka czy spotkanie z poet\u0105 Ernestem Bryllem, a w restauracji Czarcia \u0141apa z Czes\u0142awem Mozilem..<br \/>\nOdb\u0119d\u0105 si\u0119 w Lublinie tak\u017ce Turnieje Nalewek, warsztaty serowarskie z udzia\u0142em mleczarni w Radzyniu Podlaskim produkuj\u0105cej znane szeroko sery Bursztyn i Radamer, nie mo\u017cna tak\u017ce zapomnie\u0107 o w\u0119dlinach w\u015br\u00f3d kt\u00f3rych go\u015bci\u0107 te\u017c b\u0119d\u0105 s\u0142ynne wyroby litewskie.<br \/>\nJednym s\u0142owem raj dla \u0142asuch\u00f3w!<br \/>\nI teraz chyba wida\u0107 wyra\u017anie, \u017ce to Prowansja ma czego zazdro\u015bci\u0107 Lublinowi a nie odwrotnie.<\/p>\n<p>\u00a0Tylko bez kompleks\u00f3w panowie w\u0142adza!<\/p>\n","protected":false},"excerpt":{"rendered":"<p>W\u0142a\u015bnie rozpoczyna si\u0119 czwarta edycja Europejskiego Festiwalu Smaku w Lublinie. Zapraszaj\u0105c go\u015bci do swego miasta prezydent, wojewoda i marsza\u0142ek pisz\u0105 w programowym folderze, \u017ce chcieliby aby Lubelszczyzna sta\u0142a si\u0119 Prowansj\u0105 Wschodu.<\/p>\n","protected":false},"author":2,"featured_media":0,"comment_status":"open","ping_status":"open","sticky":false,"template":"","format":"standard","meta":{"footnotes":""},"categories":[1],"tags":[],"_links":{"self":[{"href":"https:\/\/blog.polityka.pl\/adamczewski\/wp-json\/wp\/v2\/posts\/5145"}],"collection":[{"href":"https:\/\/blog.polityka.pl\/adamczewski\/wp-json\/wp\/v2\/posts"}],"about":[{"href":"https:\/\/blog.polityka.pl\/adamczewski\/wp-json\/wp\/v2\/types\/post"}],"author":[{"embeddable":true,"href":"https:\/\/blog.polityka.pl\/adamczewski\/wp-json\/wp\/v2\/users\/2"}],"replies":[{"embeddable":true,"href":"https:\/\/blog.polityka.pl\/adamczewski\/wp-json\/wp\/v2\/comments?post=5145"}],"version-history":[{"count":9,"href":"https:\/\/blog.polityka.pl\/adamczewski\/wp-json\/wp\/v2\/posts\/5145\/revisions"}],"predecessor-version":[{"id":5163,"href":"https:\/\/blog.polityka.pl\/adamczewski\/wp-json\/wp\/v2\/posts\/5145\/revisions\/5163"}],"wp:attachment":[{"href":"https:\/\/blog.polityka.pl\/adamczewski\/wp-json\/wp\/v2\/media?parent=5145"}],"wp:term":[{"taxonomy":"category","embeddable":true,"href":"https:\/\/blog.polityka.pl\/adamczewski\/wp-json\/wp\/v2\/categories?post=5145"},{"taxonomy":"post_tag","embeddable":true,"href":"https:\/\/blog.polityka.pl\/adamczewski\/wp-json\/wp\/v2\/tags?post=5145"}],"curies":[{"name":"wp","href":"https:\/\/api.w.org\/{rel}","templated":true}]}}