
{"id":5151,"date":"2012-09-07T08:00:55","date_gmt":"2012-09-07T06:00:55","guid":{"rendered":"http:\/\/adamczewski.blog.polityka.pl\/?p=5151"},"modified":"2012-09-05T16:31:52","modified_gmt":"2012-09-05T14:31:52","slug":"o-siei-i-braciszku-barnabie-klasztornym-kucharczyku","status":"publish","type":"post","link":"https:\/\/blog.polityka.pl\/adamczewski\/2012\/09\/07\/o-siei-i-braciszku-barnabie-klasztornym-kucharczyku\/","title":{"rendered":"O siei i braciszku Barnabie &#8211; klasztornym kucharczyku"},"content":{"rendered":"<p>W recenzowanej tu ksi\u0105\u017cce o refektarzach klasztornych znalaz\u0142em tak\u0105 sympatyczn\u0105 opowiastk\u0119 o Wigrach. No i o tamtejszej siei, kt\u00f3r\u0105 si\u0119 delektowa\u0142em sp\u0119dzaj\u0105c czas (to ju\u017c bezpowrotnie stracone, bo o\u015brodek przej\u0105\u0142 Ko\u015bci\u00f3\u0142) w pokamedulskich eremach.<\/p>\n<p><!--more--><br \/>\nA z t\u0105 siej\u0105 by\u0142o tak:<br \/>\nBarnaba \u017cy\u0142 za czas\u00f3w, kiedy pustelni\u0105 wigiersk\u0105 zarz\u0105dza\u0142 przeor rodem z W\u0142och. Bardzo lubi\u0142 ryby, ale nie smakowa\u0142y mu te z Wigier. Marzy\u0142a mu si\u0119 sieja z w\u0142oskich jezior. Tak tym kulinarnym marzeniem zanudza\u0142 Barnab\u0119, a\u017c ten pewnego razu zakrzykn\u0105\u0142: &#8222;Ju\u017c bym diab\u0142u dusz\u0119 zaprzeda\u0142, \u017ceby tylko siej\u0119 dla przeora zdoby\u0107!&#8221;. W tej\u017ce chwili wpad\u0142 przez otwarte okno do kuchni diabe\u0142 wigierski i zaoferowa\u0142 swoje us\u0142ugi, oczywi\u015bcie za dusz\u0119 braciszka. Zobowi\u0105za\u0142 si\u0119 dostarczy\u0107 on siej\u0119 w ci\u0105gu jednej nocy. Zgodzi\u0142 si\u0119 Barnaba, zastrzegaj\u0105c, \u017ce ryba ma by\u0107 przyniesiona tu\u017c przed \u015bwitem. Obmy\u015bli\u0142 bowiem sobie, \u017ce diabe\u0142 nie zd\u0105\u017cy powr\u00f3ci\u0107 zanim kur\u00a0 zapieje, kiedy to moc czartowska pryska. A co b\u0119dzie je\u017celi diabe\u0142 zd\u0105\u017cy? Jak tu \u017cy\u0107 bez duszy? Zamartwiaj\u0105cego si\u0119 Barnab\u0119 zasta\u0142 przeor. Kucharczyk wyzna\u0142 mu sw\u00f3j grzech. Zasmuci\u0142 si\u0119 przeor i dalej\u017ce rozmy\u015bla\u0107 nad uratowaniem duszy nieszcz\u0119\u015bnika. B\u0142\u0105dzi po korytarzach i rozmy\u015bla, a tu ju\u017c przed\u015bwit r\u00f3\u017cowi niebo. Wyszed\u0142 przeor na wie\u017c\u0119, spojrza\u0142 przez okienko. I a\u017c zamar\u0142 z przera\u017cenia, bo od Rosochatego Rogu nadlatywa\u0142o czarne straszyd\u0142o. Nagle us\u0142ysza\u0142 szept: &#8222;W dzwony bij, przeorze!&#8221;. Z\u0142apa\u0142, wi\u0119c kamedu\u0142a za sznury, rozdzwoni\u0142y si\u0119 dzwony. Diabe\u0142 my\u015bl\u0105c, \u017ce to dzwoni\u0105 na jutrzni\u0119, zakl\u0105\u0142 siarczy\u015bcie, bo jego moc w tej\u017ce chwili przepad\u0142a. &#8222;Nie mam duszy Barnaby, niech on nie ma siei!&#8221; &#8211; zawo\u0142a\u0142 i cisn\u0105\u0142 ryb\u0119 w jezioro.<br \/>\nW ten spos\u00f3b Barnaba uratowa\u0142 dusz\u0119.<\/p>\n<p>Sieja za\u015b rozmno\u017cy\u0142a si\u0119 w Wigrach i odt\u0105d stanowi przysmak nie tylko zakonnik\u00f3w.<\/p>\n","protected":false},"excerpt":{"rendered":"<p>W recenzowanej tu ksi\u0105\u017cce o refektarzach klasztornych znalaz\u0142em tak\u0105 sympatyczn\u0105 opowiastk\u0119 o Wigrach. No i o tamtejszej siei, kt\u00f3r\u0105 si\u0119 delektowa\u0142em sp\u0119dzaj\u0105c czas (to ju\u017c bezpowrotnie stracone, bo o\u015brodek przej\u0105\u0142 Ko\u015bci\u00f3\u0142) w pokamedulskich eremach.<\/p>\n","protected":false},"author":2,"featured_media":0,"comment_status":"open","ping_status":"open","sticky":false,"template":"","format":"standard","meta":{"footnotes":""},"categories":[1],"tags":[],"_links":{"self":[{"href":"https:\/\/blog.polityka.pl\/adamczewski\/wp-json\/wp\/v2\/posts\/5151"}],"collection":[{"href":"https:\/\/blog.polityka.pl\/adamczewski\/wp-json\/wp\/v2\/posts"}],"about":[{"href":"https:\/\/blog.polityka.pl\/adamczewski\/wp-json\/wp\/v2\/types\/post"}],"author":[{"embeddable":true,"href":"https:\/\/blog.polityka.pl\/adamczewski\/wp-json\/wp\/v2\/users\/2"}],"replies":[{"embeddable":true,"href":"https:\/\/blog.polityka.pl\/adamczewski\/wp-json\/wp\/v2\/comments?post=5151"}],"version-history":[{"count":4,"href":"https:\/\/blog.polityka.pl\/adamczewski\/wp-json\/wp\/v2\/posts\/5151\/revisions"}],"predecessor-version":[{"id":5161,"href":"https:\/\/blog.polityka.pl\/adamczewski\/wp-json\/wp\/v2\/posts\/5151\/revisions\/5161"}],"wp:attachment":[{"href":"https:\/\/blog.polityka.pl\/adamczewski\/wp-json\/wp\/v2\/media?parent=5151"}],"wp:term":[{"taxonomy":"category","embeddable":true,"href":"https:\/\/blog.polityka.pl\/adamczewski\/wp-json\/wp\/v2\/categories?post=5151"},{"taxonomy":"post_tag","embeddable":true,"href":"https:\/\/blog.polityka.pl\/adamczewski\/wp-json\/wp\/v2\/tags?post=5151"}],"curies":[{"name":"wp","href":"https:\/\/api.w.org\/{rel}","templated":true}]}}